{"id":15938,"date":"2025-08-12T05:23:47","date_gmt":"2025-08-12T08:23:47","guid":{"rendered":"https:\/\/horapicodigital.com.ar\/?p=15938"},"modified":"2025-08-12T05:23:47","modified_gmt":"2025-08-12T08:23:47","slug":"residencias-medicas-tras-la-polemica-como-seran-organizados-los-examenes-de-ingreso-a-partir-de-2026","status":"publish","type":"post","link":"https:\/\/horapicodigital.com.ar\/index.php\/2025\/08\/12\/residencias-medicas-tras-la-polemica-como-seran-organizados-los-examenes-de-ingreso-a-partir-de-2026\/","title":{"rendered":"Residencias m\u00e9dicas: tras la pol\u00e9mica, c\u00f3mo ser\u00e1n organizados los ex\u00e1menes de ingreso a partir de 2026"},"content":{"rendered":"\n<p>El lineamiento se estableci\u00f3 en un encuentro del Consejo Federal de Salud, encabezado por el ministro Mario Lugones. Los detalles<\/p>\n\n\n\n<p>El sistema de\u00a0<strong>formaci\u00f3n m\u00e9dica<\/strong>\u00a0en\u00a0<strong>Argentina<\/strong>\u00a0experimentar\u00e1 un cambio relevante a partir de 2026: cada provincia organizar\u00e1 sus propios\u00a0<strong>ex\u00e1menes de ingreso a\u00a0residencias m\u00e9dicas<\/strong>, una decisi\u00f3n adoptada en la \u00faltima reuni\u00f3n del\u00a0<strong>Consejo Federal de Salud<\/strong>\u00a0(COFESA) tras detectarse irregularidades en el proceso nacional.<\/p>\n\n\n\n<p>El objetivo, seg\u00fan el Ministerio de Salud, es adaptar la formaci\u00f3n profesional a las necesidades espec\u00edficas de cada jurisdicci\u00f3n y fortalecer la autonom\u00eda provincial, poniendo fin a la financiaci\u00f3n nacional de becas para residencias.<\/p>\n\n\n\n<p>Durante el encuentro, el\u00a0<strong>ministro de Salud de la Naci\u00f3n Mario Lugones<\/strong>\u00a0explic\u00f3 que la salud y la formaci\u00f3n m\u00e9dica deben responder a las realidades locales. \u201cLa salud es jurisdiccional. Los ex\u00e1menes tambi\u00e9n tienen que ser jurisdiccionales. Solo cada provincia sabe qu\u00e9 tipo de m\u00e9dicos necesita para su poblaci\u00f3n. Esta fue la \u00faltima camada de m\u00e9dicos cuyas becas de residencias fueron financiadas por Naci\u00f3n. A partir de ahora los ex\u00e1menes los toman y financian las jurisdicciones\u201d, afirm\u00f3.<\/p>\n\n\n\n<p>Los ministros provinciales coincidieron en que la formaci\u00f3n de profesionales debe ajustarse a las particularidades epidemiol\u00f3gicas, geogr\u00e1ficas y sanitarias de cada regi\u00f3n, permitiendo as\u00ed que los m\u00e9dicos se especialicen seg\u00fan las demandas locales.<\/p>\n\n\n\n<p>El cambio en el sistema de ex\u00e1menes responde a una reciente problem\u00e1tica de fraude en el\u00a0<strong>Examen \u00danico de Residencias 2025<\/strong>. El Gobierno nacional inform\u00f3 que ninguno de los 117 aspirantes que se presentaron a rendir nuevamente el examen logr\u00f3 revalidar la nota del primer parcial, de los cuales 109 eran extranjeros.<\/p>\n\n\n\n<p>En ese sentido, el\u00a0<strong>Ministerio de Capital Humano<\/strong>, encabezado por\u00a0<strong>Sandra Pettovello<\/strong>, estableci\u00f3 que los profesionales egresados de universidades que no est\u00e9n inscriptas en la\u00a0<strong>Federaci\u00f3n Mundial de Educaci\u00f3n M\u00e9dica<\/strong>\u00a0ya no podr\u00e1n presentarse en Argentina para continuar con su formaci\u00f3n profesional hospitalaria.<\/p>\n\n\n\n<h2 class=\"wp-block-heading\">Otros anuncios en COFESA<\/h2>\n\n\n\n<p>En paralelo, la&nbsp;<strong>viceministra de Salud Cecilia Loccisano<\/strong>&nbsp;present\u00f3 avances en la compra y provisi\u00f3n de&nbsp;<strong>medicamentos de alto costo<\/strong>&nbsp;y drogas especiales, gestionados por la&nbsp;<strong>Direcci\u00f3n Nacional de Asistencia Directa y Compensatoria<\/strong>&nbsp;(DINADIC). Seg\u00fan Loccisano, la implementaci\u00f3n de nuevos reglamentos y procesos de compra permiti\u00f3 alcanzar una eficiencia en el gasto de&nbsp;<strong>USD 40 millones<\/strong>.<\/p>\n\n\n\n<p>\u201cTrabajamos en un reglamento que orden\u00f3 el funcionamiento del sistema y generamos distintos procesos de compra. Los pacientes que llegan a DINADIC se acercan en una situaci\u00f3n de extrema vulnerabilidad porque ni obra social ni su jurisdicci\u00f3n pudo sostenerlos\u201d, detall\u00f3.<\/p>\n\n\n\n<p>Adem\u00e1s, la funcionaria destac\u00f3 la agilizaci\u00f3n de los tr\u00e1mites: ahora, la solicitud puede iniciarse en l\u00ednea y el sistema de compras mejor\u00f3 en un 50% la velocidad del procedimiento, reduciendo el tiempo de provisi\u00f3n de seis meses a 35 d\u00edas. En casos de urgencia vital, la gesti\u00f3n se completa en aproximadamente 10 d\u00edas.<\/p>\n\n\n\n<p>Otro de los temas centrales de la reuni\u00f3n fue la actualizaci\u00f3n de la&nbsp;<strong>regulaci\u00f3n alimentaria<\/strong>. El&nbsp;<strong>subsecretario de Planificaci\u00f3n y Programaci\u00f3n Sanitaria Sa\u00fal Flores<\/strong>&nbsp;y la&nbsp;<strong>directora nacional de Abordaje Integral de Enfermedades no Transmisibles Manuela Bullo<\/strong>&nbsp;informaron sobre el avance de la&nbsp;<strong>Gu\u00eda Alimentaria para la Poblaci\u00f3n Argentina<\/strong>&nbsp;(GAPA), que servir\u00e1 de base para la elaboraci\u00f3n de gu\u00edas provinciales adaptadas a las caracter\u00edsticas regionales.<\/p>\n\n\n\n<p>Por su parte, la&nbsp;<strong>directora del Instituto Nacional de Alimentos (INAL) M\u00f3nica L\u00f3pez<\/strong>&nbsp;explic\u00f3 que el reciente&nbsp;<strong>Decreto 538\/2025<\/strong>&nbsp;dispuso la disoluci\u00f3n de la&nbsp;<strong>Comisi\u00f3n Nacional de Alimentos<\/strong>&nbsp;(CONAL), transfiriendo la actualizaci\u00f3n del&nbsp;<strong>C\u00f3digo Alimentario Argentino<\/strong>&nbsp;a la&nbsp;<strong>Administraci\u00f3n Nacional de Medicamentos, Alimentos y Tecnolog\u00eda M\u00e9dica<\/strong>&nbsp;(ANMAT), a trav\u00e9s del INAL, y al&nbsp;<strong>Servicio Nacional de Sanidad y Calidad Agroalimentaria<\/strong>&nbsp;(SENASA) cuando corresponda. L\u00f3pez subray\u00f3 que \u201cesta medida permite reducir la burocracia y acelerar decisiones basadas en evidencia cient\u00edfica\u201d.<\/p>\n\n\n\n<p>En relaci\u00f3n con la seguridad alimentaria, L\u00f3pez comparti\u00f3 los resultados de un relevamiento realizado por el INAL sobre el uso de&nbsp;<strong>colorantes artificiales en alimentos procesados<\/strong>. Se detect\u00f3 la presencia de estos aditivos en m\u00e1s de 5.000 productos, y en el 40% de ellos se identific\u00f3 una alta prevalencia de&nbsp;<strong>Sunset Yellow<\/strong>&nbsp;y&nbsp;<strong>Tartrazina<\/strong>, colorantes que, seg\u00fan estudios internacionales, se asocian con alergias y sensibilidades alimentarias.<\/p>\n\n\n\n<p>La situaci\u00f3n epidemiol\u00f3gica nacional tambi\u00e9n ocup\u00f3 un lugar destacado en la agenda del COFESA. Se abord\u00f3 el brote de&nbsp;<strong>sarampi\u00f3n<\/strong>&nbsp;y se enfatiz\u00f3 la importancia de la vacunaci\u00f3n, as\u00ed como la colaboraci\u00f3n con instituciones educativas para identificar a ni\u00f1os sin cobertura de inmunizaci\u00f3n.<\/p>\n\n\n\n<p>Por \u00faltimo, la&nbsp;<strong>directora nacional de Abordaje Integral de Salud Mental Liliana Gonz\u00e1lez<\/strong>&nbsp;expuso informaci\u00f3n sobre la vigilancia epidemiol\u00f3gica de suicidio e intento de suicidio, destacando la importancia de este monitoreo para la salud p\u00fablica.<\/p>\n","protected":false},"excerpt":{"rendered":"<p>El lineamiento se estableci\u00f3 en un encuentro del Consejo Federal de Salud, encabezado por el ministro Mario Lugones. Los detalles El sistema de\u00a0formaci\u00f3n m\u00e9dica\u00a0en\u00a0Argentina\u00a0experimentar\u00e1 un cambio relevante a partir de 2026: cada provincia organizar\u00e1 sus propios\u00a0ex\u00e1menes de ingreso a\u00a0residencias m\u00e9dicas, una decisi\u00f3n adoptada en la \u00faltima reuni\u00f3n del\u00a0Consejo Federal de Salud\u00a0(COFESA) tras detectarse irregularidades en [&hellip;]<\/p>\n","protected":false},"author":7,"featured_media":15939,"comment_status":"open","ping_status":"open","sticky":false,"template":"","format":"standard","meta":{"_themeisle_gutenberg_block_has_review":false,"footnotes":""},"categories":[248,11,118],"tags":[2867,85],"class_list":["post-15938","post","type-post","status-publish","format-standard","has-post-thumbnail","hentry","category-educacion","category-salud","category-sociedad","tag-cofesa","tag-pais"],"_links":{"self":[{"href":"https:\/\/horapicodigital.com.ar\/index.php\/wp-json\/wp\/v2\/posts\/15938","targetHints":{"allow":["GET"]}}],"collection":[{"href":"https:\/\/horapicodigital.com.ar\/index.php\/wp-json\/wp\/v2\/posts"}],"about":[{"href":"https:\/\/horapicodigital.com.ar\/index.php\/wp-json\/wp\/v2\/types\/post"}],"author":[{"embeddable":true,"href":"https:\/\/horapicodigital.com.ar\/index.php\/wp-json\/wp\/v2\/users\/7"}],"replies":[{"embeddable":true,"href":"https:\/\/horapicodigital.com.ar\/index.php\/wp-json\/wp\/v2\/comments?post=15938"}],"version-history":[{"count":1,"href":"https:\/\/horapicodigital.com.ar\/index.php\/wp-json\/wp\/v2\/posts\/15938\/revisions"}],"predecessor-version":[{"id":15940,"href":"https:\/\/horapicodigital.com.ar\/index.php\/wp-json\/wp\/v2\/posts\/15938\/revisions\/15940"}],"wp:featuredmedia":[{"embeddable":true,"href":"https:\/\/horapicodigital.com.ar\/index.php\/wp-json\/wp\/v2\/media\/15939"}],"wp:attachment":[{"href":"https:\/\/horapicodigital.com.ar\/index.php\/wp-json\/wp\/v2\/media?parent=15938"}],"wp:term":[{"taxonomy":"category","embeddable":true,"href":"https:\/\/horapicodigital.com.ar\/index.php\/wp-json\/wp\/v2\/categories?post=15938"},{"taxonomy":"post_tag","embeddable":true,"href":"https:\/\/horapicodigital.com.ar\/index.php\/wp-json\/wp\/v2\/tags?post=15938"}],"curies":[{"name":"wp","href":"https:\/\/api.w.org\/{rel}","templated":true}]}}