{"id":15776,"date":"2025-08-04T15:39:23","date_gmt":"2025-08-04T18:39:23","guid":{"rendered":"https:\/\/horapicodigital.com.ar\/?p=15776"},"modified":"2025-08-04T15:39:24","modified_gmt":"2025-08-04T18:39:24","slug":"mas-de-20-mil-docentes-asistieron-a-capacitaciones-en-lo-que-va-del-ano","status":"publish","type":"post","link":"https:\/\/horapicodigital.com.ar\/index.php\/2025\/08\/04\/mas-de-20-mil-docentes-asistieron-a-capacitaciones-en-lo-que-va-del-ano\/","title":{"rendered":"M\u00e1s de 20 mil docentes asistieron a capacitaciones en lo que va del a\u00f1o"},"content":{"rendered":"\n<p>Las propuestas junto a reconocidos especialistas son organizadas por el Ministerio de Educaci\u00f3n.<\/p>\n\n\n\n<p>Docentes, directivos, supervisores y equipos t\u00e9cnicos de todos los niveles asistieron a los encuentros pensados para fortalecer las pr\u00e1cticas educativas, promoviendo v\u00ednculos positivos y brindando nuevas herramientas para la tarea en las aulas.<\/p>\n\n\n\n<p>Fueron espacios de intercambio, reflexi\u00f3n y aprendizaje, destac\u00e1ndose en nivel de participaci\u00f3n de la docencia Juje\u00f1a en su compromiso con la formaci\u00f3n continua.<\/p>\n\n\n\n<p>Al respecto, la ministra de Educaci\u00f3n de Jujuy, Miriam Serrano, destac\u00f3 la importancia de seguir con nuevas propuestas para construir entre todos una mejor educaci\u00f3n p\u00fablica transformadora y de calidad en la provincia.<\/p>\n\n\n\n<p>Especialistas como Laura Pitluk, quien brind\u00f3 en el Estadio Federaci\u00f3n el conversatorio: \u201cLos irrenunciables de la educaci\u00f3n\u201d, destinado a docentes de Nivel Inicial y jardines maternales y la reconocida autora Mar\u00eda Zysman, en el mismo escenario, con la conferencia titulada \u201cBullying y ciberbullying. Estrategias de prevenci\u00f3n, detecci\u00f3n e intervenci\u00f3n\u201d, abordaron tem\u00e1ticas clave junto a la docencia.&nbsp;<\/p>\n\n\n\n<p>En el mes pasado, otra convocante propuesta de capacitaci\u00f3n recibi\u00f3 a Hern\u00e1n Aldana, en el marco de los Ateneos de Alfabetizaci\u00f3n, analizando \u201cNeurociencias y emoci\u00f3n para ense\u00f1ar\u201d.&nbsp;<\/p>\n\n\n\n<p>La semana pasada en el gimnasio del Colegio Santa Teresita la especialista en Educaci\u00f3n Inclusiva, Silvana Corso, brind\u00f3 una charla ante dos mil docentes interesados en nuevas estrategias de abordaje.&nbsp;<\/p>\n\n\n\n<p><strong>Lo que se viene<\/strong>&nbsp;<\/p>\n\n\n\n<p>Durante este mes de agosto se realizar\u00e1n las siguientes convocatorias.&nbsp;<\/p>\n\n\n\n<p><strong>9\/8 Festival Spark.<\/strong>&nbsp;Centro de Innovaci\u00f3n Educativa. Encuentro para docentes de Nivel primario sobre ciencia, arte y tecnolog\u00eda.&nbsp;<\/p>\n\n\n\n<p><strong>13\/8 Teatro Mitre<\/strong>. Feria del Libro: conferencia de Silvina del P\u00f3polo y Paula Campos denominada \u00abJujuy Aprende: Estrategias actuales y caminos para potenciar la alfabetizaci\u00f3n\u00bb.&nbsp;<\/p>\n\n\n\n<p><strong>14\/8 Colegio del Salvador.<\/strong>&nbsp;Congreso sobre Inclusi\u00f3n Educativa: \u00abDesaf\u00edos y practicas para transformar la escuela\u00bb. Mar\u00eda Jos\u00e9 Borsani, Miriam Pekler y Celeste Fern\u00e1ndez.&nbsp;<\/p>\n\n\n\n<p><strong>30\/8<\/strong>&nbsp;Inicio del ciclo para la segunda cohorte de Formaci\u00f3n en Alfabetizaci\u00f3n para cientos de docentes de toda la provincia, de escuelas de la Red Alfa.<\/p>\n","protected":false},"excerpt":{"rendered":"<p>Las propuestas junto a reconocidos especialistas son organizadas por el Ministerio de Educaci\u00f3n. Docentes, directivos, supervisores y equipos t\u00e9cnicos de todos los niveles asistieron a los encuentros pensados para fortalecer las pr\u00e1cticas educativas, promoviendo v\u00ednculos positivos y brindando nuevas herramientas para la tarea en las aulas. Fueron espacios de intercambio, reflexi\u00f3n y aprendizaje, destac\u00e1ndose en [&hellip;]<\/p>\n","protected":false},"author":7,"featured_media":15777,"comment_status":"open","ping_status":"open","sticky":false,"template":"","format":"standard","meta":{"_themeisle_gutenberg_block_has_review":false,"footnotes":""},"categories":[248],"tags":[232,58],"class_list":["post-15776","post","type-post","status-publish","format-standard","has-post-thumbnail","hentry","category-educacion","tag-curiosidades","tag-jujuy"],"_links":{"self":[{"href":"https:\/\/horapicodigital.com.ar\/index.php\/wp-json\/wp\/v2\/posts\/15776","targetHints":{"allow":["GET"]}}],"collection":[{"href":"https:\/\/horapicodigital.com.ar\/index.php\/wp-json\/wp\/v2\/posts"}],"about":[{"href":"https:\/\/horapicodigital.com.ar\/index.php\/wp-json\/wp\/v2\/types\/post"}],"author":[{"embeddable":true,"href":"https:\/\/horapicodigital.com.ar\/index.php\/wp-json\/wp\/v2\/users\/7"}],"replies":[{"embeddable":true,"href":"https:\/\/horapicodigital.com.ar\/index.php\/wp-json\/wp\/v2\/comments?post=15776"}],"version-history":[{"count":1,"href":"https:\/\/horapicodigital.com.ar\/index.php\/wp-json\/wp\/v2\/posts\/15776\/revisions"}],"predecessor-version":[{"id":15778,"href":"https:\/\/horapicodigital.com.ar\/index.php\/wp-json\/wp\/v2\/posts\/15776\/revisions\/15778"}],"wp:featuredmedia":[{"embeddable":true,"href":"https:\/\/horapicodigital.com.ar\/index.php\/wp-json\/wp\/v2\/media\/15777"}],"wp:attachment":[{"href":"https:\/\/horapicodigital.com.ar\/index.php\/wp-json\/wp\/v2\/media?parent=15776"}],"wp:term":[{"taxonomy":"category","embeddable":true,"href":"https:\/\/horapicodigital.com.ar\/index.php\/wp-json\/wp\/v2\/categories?post=15776"},{"taxonomy":"post_tag","embeddable":true,"href":"https:\/\/horapicodigital.com.ar\/index.php\/wp-json\/wp\/v2\/tags?post=15776"}],"curies":[{"name":"wp","href":"https:\/\/api.w.org\/{rel}","templated":true}]}}