{"id":15653,"date":"2025-07-30T05:54:52","date_gmt":"2025-07-30T08:54:52","guid":{"rendered":"https:\/\/horapicodigital.com.ar\/?p=15653"},"modified":"2025-07-30T05:54:53","modified_gmt":"2025-07-30T08:54:53","slug":"la-tasa-vial-llega-a-su-fin-en-la-capital-jujena-y-se-espera-que-baje-el-precio-de-los-combustibles","status":"publish","type":"post","link":"https:\/\/horapicodigital.com.ar\/index.php\/2025\/07\/30\/la-tasa-vial-llega-a-su-fin-en-la-capital-jujena-y-se-espera-que-baje-el-precio-de-los-combustibles\/","title":{"rendered":"La tasa vial llega a su fin en la capital juje\u00f1a y se espera que baje el precio de los combustibles"},"content":{"rendered":"\n<p>Desde este viernes 1 de agosto, la tasa vial dejar\u00e1 de aplicarse en San Salvador de Jujuy, lo que impactar\u00e1 en los precios.<\/p>\n\n\n\n<p><strong>La tasa vial llega a su fin<\/strong>. Luego de aplicarse en la capital juje\u00f1a durante m\u00e1s de un a\u00f1o con el objetivo recaudar fondos para la reparaci\u00f3n y pavimentaci\u00f3n de calles y avenidas en la ciudad<strong>, este viernes 1 de agosto dejar\u00e1 de regir ese pago que impactaba en el precio de los combustibles<\/strong>.<\/p>\n\n\n\n<p>\u00abDesde el viernes ya no hay tasa vial as\u00ed que<strong>&nbsp;l\u00f3gicamente eso tiene que reflejarse en los expendedores de combustibles<\/strong>. Cunado surgi\u00f3 esto en virtud de los recortes nacionales,<strong>&nbsp;se aclar\u00f3 que era una medida de emergencia y mientras duraba la emergencia vial iba estar aplicado.&nbsp;<\/strong>A diferencia de todas las otras tasas o impuestos que por ah\u00ed vienen inclusive hasta de Naci\u00f3n y que quedan para siempre a pesar de la emergencia, en esta se dijo que&nbsp;<strong>era temporal y se cumpli\u00f3<\/strong>.&nbsp;<strong>Est\u00e1 en los \u00faltimos d\u00edas<\/strong>\u00ab, record\u00f3 Gast\u00f3n Mill\u00f3n, concejal de San Salvador de Jujuy.<\/p>\n\n\n\n<p>El edil adem\u00e1s recalc\u00f3 que con la tasa vial se hicieron obras en la ciudad capital. \u00ab<strong>Hay una rendici\u00f3n exacta. Cada peso que ingres\u00f3 por la tasa vial se destin\u00f3 a la realizaci\u00f3n de alguna obra<\/strong>\u00ab.<\/p>\n\n\n\n<p>Por otro lado, el concejal Mill\u00f3n asegur\u00f3 que \u00abse va a presentar por parte de la comisi\u00f3n de seguimiento en estos d\u00edas la rendici\u00f3n completa ingreso mes por mes y los egresos.<strong>\u00a0Se da por cerrada esta etapa que l\u00f3gicamente a nadie le gusta tener que aplicar o tener que pagar\u00a0<\/strong>este tipo de contribuciones pero\u00a0<strong>tenemos la tranquilidad de que se destin\u00f3 hasta el \u00faltimo centavo a la realizaci\u00f3n de la obras para las cuales esto estaba comprometido<\/strong>\u00ab<\/p>\n\n\n\n<p>Ese tr\u00e1mite se har\u00e1 luego de que los expendedores realicen su parte de la rendici\u00f3n para que luego desde el Municipio den a conocer el detalles de c\u00f3mo se utiliz\u00f3 la tasa vial.<\/p>\n\n\n\n<h2 class=\"wp-block-heading\"><strong>La tasa vial llega a su fin: fue derogada y dejar\u00e1 de aplicarse desde el 31 de julio<\/strong><\/h2>\n\n\n\n<p><strong>El Concejo Deliberante de San Salvador de Jujuy derog\u00f3 el pasado 29 de mayo la tasa vial, cobro que se aplicaba por cada litro de combustible y gasoil que se cargaba en las estaciones de servicio de la capital juje\u00f1a desde el 31 de mayo del 2024<\/strong>.<\/p>\n\n\n\n<p>El presidente del Concejo Deliberante de San Salvador de Jujuy,&nbsp;<strong>Lisandro Aguiar<\/strong>&nbsp;inform\u00f3 en esa oportunidad que&nbsp;<strong>se derog\u00f3 oficialmente la ordenanza que establec\u00eda la tasa vial<\/strong>, tal como hab\u00eda sido anunciado previamente por el intendente municipal.&nbsp;<strong>La decisi\u00f3n fue aprobada en el marco de la quinta sesi\u00f3n ordinaria del a\u00f1o, y entrar\u00e1 en vigencia a partir del 31 de julio de 2025<\/strong>.<\/p>\n\n\n\n<p>El presidente del Concejo asegur\u00f3 que<strong>&nbsp;la eliminaci\u00f3n de la tasa vial no afectar\u00e1 la ejecuci\u00f3n de las obras que actualmente se llevan a cabo en la capital juje\u00f1a,<\/strong>&nbsp;gracias a un esquema de transici\u00f3n que permitir\u00e1 utilizar los \u00faltimos recursos recaudados y fondos propios del municipio.<\/p>\n\n\n\n<p>\u00abQueremos llevar tranquilidad a la ciudadan\u00eda. Las obras en marcha como avenida Hip\u00f3lito Yrigoyen, Oscar Or\u00edas, Yuto, Mosconi, Triunvirato, Monroe y otras ya planificadas van a continuar ejecut\u00e1ndose. Incluso se est\u00e1 avanzando con fuerza en avenida Bolivia, una obra largamente esperada por los vecinos de Huaico, Los Molinos, Villa Jard\u00edn de Reyes y hasta de Yala, Lozano y Le\u00f3n\u00bb, indic\u00f3 Aguiar.<\/p>\n","protected":false},"excerpt":{"rendered":"<p>Desde este viernes 1 de agosto, la tasa vial dejar\u00e1 de aplicarse en San Salvador de Jujuy, lo que impactar\u00e1 en los precios. La tasa vial llega a su fin. Luego de aplicarse en la capital juje\u00f1a durante m\u00e1s de un a\u00f1o con el objetivo recaudar fondos para la reparaci\u00f3n y pavimentaci\u00f3n de calles y [&hellip;]<\/p>\n","protected":false},"author":7,"featured_media":15654,"comment_status":"open","ping_status":"open","sticky":false,"template":"","format":"standard","meta":{"_themeisle_gutenberg_block_has_review":false,"footnotes":""},"categories":[2854],"tags":[58],"class_list":["post-15653","post","type-post","status-publish","format-standard","has-post-thumbnail","hentry","category-seguridad","tag-jujuy"],"_links":{"self":[{"href":"https:\/\/horapicodigital.com.ar\/index.php\/wp-json\/wp\/v2\/posts\/15653","targetHints":{"allow":["GET"]}}],"collection":[{"href":"https:\/\/horapicodigital.com.ar\/index.php\/wp-json\/wp\/v2\/posts"}],"about":[{"href":"https:\/\/horapicodigital.com.ar\/index.php\/wp-json\/wp\/v2\/types\/post"}],"author":[{"embeddable":true,"href":"https:\/\/horapicodigital.com.ar\/index.php\/wp-json\/wp\/v2\/users\/7"}],"replies":[{"embeddable":true,"href":"https:\/\/horapicodigital.com.ar\/index.php\/wp-json\/wp\/v2\/comments?post=15653"}],"version-history":[{"count":1,"href":"https:\/\/horapicodigital.com.ar\/index.php\/wp-json\/wp\/v2\/posts\/15653\/revisions"}],"predecessor-version":[{"id":15655,"href":"https:\/\/horapicodigital.com.ar\/index.php\/wp-json\/wp\/v2\/posts\/15653\/revisions\/15655"}],"wp:featuredmedia":[{"embeddable":true,"href":"https:\/\/horapicodigital.com.ar\/index.php\/wp-json\/wp\/v2\/media\/15654"}],"wp:attachment":[{"href":"https:\/\/horapicodigital.com.ar\/index.php\/wp-json\/wp\/v2\/media?parent=15653"}],"wp:term":[{"taxonomy":"category","embeddable":true,"href":"https:\/\/horapicodigital.com.ar\/index.php\/wp-json\/wp\/v2\/categories?post=15653"},{"taxonomy":"post_tag","embeddable":true,"href":"https:\/\/horapicodigital.com.ar\/index.php\/wp-json\/wp\/v2\/tags?post=15653"}],"curies":[{"name":"wp","href":"https:\/\/api.w.org\/{rel}","templated":true}]}}