{"id":15629,"date":"2025-07-29T06:22:50","date_gmt":"2025-07-29T09:22:50","guid":{"rendered":"https:\/\/horapicodigital.com.ar\/?p=15629"},"modified":"2025-07-29T06:22:51","modified_gmt":"2025-07-29T09:22:51","slug":"la-baja-de-retenciones-tiene-poco-impacto-en-jujuy-advirtio-el-presidente-de-la-sociedad-rural","status":"publish","type":"post","link":"https:\/\/horapicodigital.com.ar\/index.php\/2025\/07\/29\/la-baja-de-retenciones-tiene-poco-impacto-en-jujuy-advirtio-el-presidente-de-la-sociedad-rural\/","title":{"rendered":"\u00abLa baja de retenciones tiene poco impacto en Jujuy\u00bb, advirti\u00f3 el presidente de la Sociedad Rural"},"content":{"rendered":"\n<p>Fernando Casares tambi\u00e9n se refiri\u00f3 al futuro del INTA y a su importancia para los productores locales.<\/p>\n\n\n\n<p>Mientras el Gobierno Nacional avanza con la baja de retenciones a productos agropecuarios, desde la&nbsp;<strong>Sociedad Rural de Jujuy<\/strong>&nbsp;aclaran que, si bien la medida es positiva,&nbsp;<strong>el impacto en la provincia ser\u00e1 limitado<\/strong>. As\u00ed lo afirm\u00f3&nbsp;<strong>Fernando Casares<\/strong>, presidente de la entidad, al se\u00f1alar que&nbsp;<strong>la producci\u00f3n de granos en Jujuy representa un volumen reducido comparado con otras provincias del NOA<\/strong>.<\/p>\n\n\n\n<p>\u201cLa verdad es que esto lo ven\u00edamos pidiendo desde la Federaci\u00f3n y desde la Sociedad Rural juje\u00f1a.<strong>&nbsp;Es una ayuda para igualar condiciones con otras zonas del pa\u00eds, pero en Jujuy no tendr\u00e1 gran repercusi\u00f3n<\/strong>\u201d, explic\u00f3 Casares en di\u00e1logo con&nbsp;<a href=\"https:\/\/www.youtube.com\/watch?v=VhGFuS5S-rU\"><strong>Despertar 630<\/strong><\/a>. Seg\u00fan detall\u00f3, la provincia cuenta con unas&nbsp;<strong>16.000 a 17.000 hect\u00e1reas destinadas a la producci\u00f3n de ma\u00edz y soja<\/strong>, por lo que la rebaja del 20% en retenciones a granos beneficiar\u00e1 a pocos productores.<\/p>\n\n\n\n<p>Con respecto a la&nbsp;<strong>carne vacuna<\/strong>, el impacto ser\u00eda mayor, dado que \u201cel porcentaje de baja es del 26%\u201d, aunque record\u00f3 que&nbsp;<strong>la carne aviar y porcina en la provincia est\u00e1 destinada principalmente al consumo local<\/strong>&nbsp;y no tiene un perfil exportador.<\/p>\n\n\n\n<h3 class=\"wp-block-heading\"><strong>Alerta por el INTA<\/strong><\/h3>\n\n\n\n<p>Casares tambi\u00e9n se refiri\u00f3 a la situaci\u00f3n del&nbsp;<strong>Instituto Nacional de Tecnolog\u00eda Agropecuaria (INTA)<\/strong>, en medio de rumores sobre cierres y cambios estructurales. \u201c<strong>El INTA tiene un rol clave en Jujuy. Trabaja con productores ganaderos, en cultivos como los c\u00edtricos y en zonas bananeras como Yuto. Adem\u00e1s, tiene patentes internacionales que le generan regal\u00edas al pa\u00eds<\/strong>\u201d, asegur\u00f3.<\/p>\n\n\n\n<p>Advirti\u00f3 que si bien \u201cel propio personal del INTA reconoc\u00eda la necesidad de reformas\u201d, no era necesaria \u201cuna reestructuraci\u00f3n tan dr\u00e1stica como la planteada\u201d. Adem\u00e1s, aclar\u00f3 que muchas de las&nbsp;<strong>tierras donde opera el INTA fueron donadas con cl\u00e1usulas que impiden su uso para otros fines<\/strong>, por lo que \u201cno pueden ser utilizadas por el Estado para fines inmobiliarios\u201d.<\/p>\n\n\n\n<p>Finalmente, indic\u00f3 que la&nbsp;<strong>mesa de enlace mantendr\u00e1 reuniones con el Gobierno nacional<\/strong>&nbsp;para conocer los detalles del nuevo esquema de funcionamiento del organismo, y asegur\u00f3 que desde las entidades rurales \u201cvan a seguir defendiendo su continuidad por el valor que tiene para los productores del interior\u201d.<\/p>\n","protected":false},"excerpt":{"rendered":"<p>Fernando Casares tambi\u00e9n se refiri\u00f3 al futuro del INTA y a su importancia para los productores locales. Mientras el Gobierno Nacional avanza con la baja de retenciones a productos agropecuarios, desde la&nbsp;Sociedad Rural de Jujuy&nbsp;aclaran que, si bien la medida es positiva,&nbsp;el impacto en la provincia ser\u00e1 limitado. As\u00ed lo afirm\u00f3&nbsp;Fernando Casares, presidente de la [&hellip;]<\/p>\n","protected":false},"author":7,"featured_media":15630,"comment_status":"open","ping_status":"open","sticky":false,"template":"","format":"standard","meta":{"_themeisle_gutenberg_block_has_review":false,"footnotes":""},"categories":[6],"tags":[58],"class_list":["post-15629","post","type-post","status-publish","format-standard","has-post-thumbnail","hentry","category-economia","tag-jujuy"],"_links":{"self":[{"href":"https:\/\/horapicodigital.com.ar\/index.php\/wp-json\/wp\/v2\/posts\/15629","targetHints":{"allow":["GET"]}}],"collection":[{"href":"https:\/\/horapicodigital.com.ar\/index.php\/wp-json\/wp\/v2\/posts"}],"about":[{"href":"https:\/\/horapicodigital.com.ar\/index.php\/wp-json\/wp\/v2\/types\/post"}],"author":[{"embeddable":true,"href":"https:\/\/horapicodigital.com.ar\/index.php\/wp-json\/wp\/v2\/users\/7"}],"replies":[{"embeddable":true,"href":"https:\/\/horapicodigital.com.ar\/index.php\/wp-json\/wp\/v2\/comments?post=15629"}],"version-history":[{"count":1,"href":"https:\/\/horapicodigital.com.ar\/index.php\/wp-json\/wp\/v2\/posts\/15629\/revisions"}],"predecessor-version":[{"id":15631,"href":"https:\/\/horapicodigital.com.ar\/index.php\/wp-json\/wp\/v2\/posts\/15629\/revisions\/15631"}],"wp:featuredmedia":[{"embeddable":true,"href":"https:\/\/horapicodigital.com.ar\/index.php\/wp-json\/wp\/v2\/media\/15630"}],"wp:attachment":[{"href":"https:\/\/horapicodigital.com.ar\/index.php\/wp-json\/wp\/v2\/media?parent=15629"}],"wp:term":[{"taxonomy":"category","embeddable":true,"href":"https:\/\/horapicodigital.com.ar\/index.php\/wp-json\/wp\/v2\/categories?post=15629"},{"taxonomy":"post_tag","embeddable":true,"href":"https:\/\/horapicodigital.com.ar\/index.php\/wp-json\/wp\/v2\/tags?post=15629"}],"curies":[{"name":"wp","href":"https:\/\/api.w.org\/{rel}","templated":true}]}}