{"id":15626,"date":"2025-07-29T06:20:44","date_gmt":"2025-07-29T09:20:44","guid":{"rendered":"https:\/\/horapicodigital.com.ar\/?p=15626"},"modified":"2025-07-29T06:20:45","modified_gmt":"2025-07-29T09:20:45","slug":"paritaria-docente-el-gobierno-propuso-subas-mensuales-del-15-en-agosto-y-septiembre","status":"publish","type":"post","link":"https:\/\/horapicodigital.com.ar\/index.php\/2025\/07\/29\/paritaria-docente-el-gobierno-propuso-subas-mensuales-del-15-en-agosto-y-septiembre\/","title":{"rendered":"Paritaria docente: el Gobierno propuso subas mensuales del 1,5% en agosto y septiembre"},"content":{"rendered":"\n<p>La oferta incluye adem\u00e1s un incremento del 10% en el FONID. El Ejecutivo provincial y los gremios se reunieron este lunes en medio del paro docente y retomar\u00e1n la negociaci\u00f3n el 12 de agosto.<\/p>\n\n\n\n<p>El&nbsp;<strong>Gobierno de Jujuy&nbsp;<\/strong>present\u00f3 este lunes una nueva propuesta salarial a los gremios docentes, en el marco de las negociaciones paritarias que retomaron hoy mientras contin\u00faa la medida de fuerza convocada por los sindicatos del sector luego del receso de invierno.<\/p>\n\n\n\n<p><strong>El ofrecimiento contempla un incremento mensual del 1,5% en los haberes de agosto y septiembre<\/strong>, y un&nbsp;<strong>aumento del 10% en el FONID<\/strong>.<\/p>\n\n\n\n<p>Del encuentro participaron representantes del&nbsp;<strong>Ministerio de Hacienda<\/strong>&nbsp;y del&nbsp;<strong>Ministerio de Educaci\u00f3n<\/strong>, junto a dirigentes de los principales sindicatos del \u00e1mbito educativo.<\/p>\n\n\n\n<p>En el encuentro se estableci\u00f3 pasar a un cuarto intermedio en la negociaci\u00f3n y&nbsp;<strong>volver a reunirse el martes 12 de agosto<\/strong>.<\/p>\n\n\n\n<p>Desde el gremio informaron que&nbsp;<strong>continuar\u00e1n por 24 horas m\u00e1s con la medida de fuerza iniciada hoy<\/strong>, fecha en la que se deb\u00eda retomar las clases luego del receso invernal.&nbsp;<\/p>\n\n\n\n<p><\/p>\n","protected":false},"excerpt":{"rendered":"<p>La oferta incluye adem\u00e1s un incremento del 10% en el FONID. El Ejecutivo provincial y los gremios se reunieron este lunes en medio del paro docente y retomar\u00e1n la negociaci\u00f3n el 12 de agosto. El&nbsp;Gobierno de Jujuy&nbsp;present\u00f3 este lunes una nueva propuesta salarial a los gremios docentes, en el marco de las negociaciones paritarias que [&hellip;]<\/p>\n","protected":false},"author":7,"featured_media":15627,"comment_status":"open","ping_status":"open","sticky":false,"template":"","format":"standard","meta":{"_themeisle_gutenberg_block_has_review":false,"footnotes":""},"categories":[6,248],"tags":[58],"class_list":["post-15626","post","type-post","status-publish","format-standard","has-post-thumbnail","hentry","category-economia","category-educacion","tag-jujuy"],"_links":{"self":[{"href":"https:\/\/horapicodigital.com.ar\/index.php\/wp-json\/wp\/v2\/posts\/15626","targetHints":{"allow":["GET"]}}],"collection":[{"href":"https:\/\/horapicodigital.com.ar\/index.php\/wp-json\/wp\/v2\/posts"}],"about":[{"href":"https:\/\/horapicodigital.com.ar\/index.php\/wp-json\/wp\/v2\/types\/post"}],"author":[{"embeddable":true,"href":"https:\/\/horapicodigital.com.ar\/index.php\/wp-json\/wp\/v2\/users\/7"}],"replies":[{"embeddable":true,"href":"https:\/\/horapicodigital.com.ar\/index.php\/wp-json\/wp\/v2\/comments?post=15626"}],"version-history":[{"count":1,"href":"https:\/\/horapicodigital.com.ar\/index.php\/wp-json\/wp\/v2\/posts\/15626\/revisions"}],"predecessor-version":[{"id":15628,"href":"https:\/\/horapicodigital.com.ar\/index.php\/wp-json\/wp\/v2\/posts\/15626\/revisions\/15628"}],"wp:featuredmedia":[{"embeddable":true,"href":"https:\/\/horapicodigital.com.ar\/index.php\/wp-json\/wp\/v2\/media\/15627"}],"wp:attachment":[{"href":"https:\/\/horapicodigital.com.ar\/index.php\/wp-json\/wp\/v2\/media?parent=15626"}],"wp:term":[{"taxonomy":"category","embeddable":true,"href":"https:\/\/horapicodigital.com.ar\/index.php\/wp-json\/wp\/v2\/categories?post=15626"},{"taxonomy":"post_tag","embeddable":true,"href":"https:\/\/horapicodigital.com.ar\/index.php\/wp-json\/wp\/v2\/tags?post=15626"}],"curies":[{"name":"wp","href":"https:\/\/api.w.org\/{rel}","templated":true}]}}