{"id":15572,"date":"2025-07-23T06:52:27","date_gmt":"2025-07-23T09:52:27","guid":{"rendered":"https:\/\/horapicodigital.com.ar\/?p=15572"},"modified":"2025-07-23T06:52:28","modified_gmt":"2025-07-23T09:52:28","slug":"sadir-participo-de-la-cumbre-internacional-de-bioetanol","status":"publish","type":"post","link":"https:\/\/horapicodigital.com.ar\/index.php\/2025\/07\/23\/sadir-participo-de-la-cumbre-internacional-de-bioetanol\/","title":{"rendered":"Sadir particip\u00f3 de la cumbre internacional de bioetanol"},"content":{"rendered":"\n<p>El gobernador de la Provincia, Carlos Sadir, estuvo presente en la cumbre \u201cEnerg\u00eda Cultivada: Bioetanol en el desarrollo del NOA\u201d que se celebr\u00f3 en Tucum\u00e1n y que reuni\u00f3 a destacados actores del sector p\u00fablico y privado para analizar el rol estrat\u00e9gico del bioetanol en el crecimiento sostenible del Noroeste Argentino.<\/p>\n\n\n\n<p>En este contexto, expertos en la materia abordaron el futuro energ\u00e9tico y productivo de la regi\u00f3n.<\/p>\n\n\n\n<p>Adem\u00e1s, trataron temas clave como la inversi\u00f3n en nuevas tecnolog\u00edas, la generaci\u00f3n de empleo y el impacto ambiental positivo que el bioetanol puede ofrecer para la econom\u00eda local.<\/p>\n\n\n\n<p>Estuvieron en la ceremonia de apertura, el gobernador de Tucum\u00e1n, Osvaldo Jaldo; su vicegobernador, Miguel \u00c1ngel Acevedo; el gobernador de Salta, Gustavo Saenz; el subsecretario de Combustibles L\u00edquidos de la Naci\u00f3n, Federico Veller; el presidente del Centro Azucarero Argentino, Jorge Freij\u00f3o; el titular de Datagro Brasil, Plinio Nastari; y representantes de ingenios azucareros de Jujuy, Tucum\u00e1n y Salta.<\/p>\n\n\n\n<p>Sadir aport\u00f3 la visi\u00f3n juje\u00f1a en la agenda de desarrollo regional impulsada por los biocombustibles, teniendo nuestra provincia una destacada participaci\u00f3n en la producci\u00f3n de bioetanol en Argentina, especialmente a partir de la ca\u00f1a de az\u00facar.&nbsp;<\/p>\n\n\n\n<p>La cumbre se enmarca dentro de un esfuerzo regional del Noroeste Argentino por fortalecer la industria sucroenerg\u00e9tica y contribuir a la matriz energ\u00e9tica nacional con fuentes renovables.&nbsp;<\/p>\n\n\n\n<p>Es oportuno se\u00f1alar, que de la producci\u00f3n de az\u00facar en Jujuy, un ampl\u00edo porcentaje se destina a bioetanol para el corte con naftas y el resto a alcohol de farmacia.&nbsp;<\/p>\n\n\n\n<p>Sadir plante\u00f3 la importancia de \u201cdefender el sector sucroalcoholero\u201d, a partir de un bloque que \u201cintegre a los gobernadores, legisladores nacionales y empresarios, priorizando el inter\u00e9s de la econom\u00eda regional\u201d. \u201cHay que dialogar m\u00e1s a pesar de las diferencias\u201d, sostuvo.&nbsp;<\/p>\n\n\n\n<p>Por otra parte, a trav\u00e9s de Sadir, Jujuy participa activamente en la \u201cLiga Bioenerg\u00e9tica\u201d junto a Santa Fe, Salta, C\u00f3rdoba, Entre R\u00edos y Tucum\u00e1n, que son las principales productoras de bioetanol y biodiesel.&nbsp;<\/p>\n\n\n\n<p>Este espacio procura impulsar una nueva Ley de Biocombustibles que promueva la desregulaci\u00f3n del sector y el ingreso de grandes actores del agro, as\u00ed como un aumento en el porcentaje de corte de bioetanol en naftas.&nbsp;<\/p>\n\n\n\n<p>\u201cGracias al trabajo conjunto y al di\u00e1logo superador, arribamos a un proyecto de ley sobre biocombustibles muy conveniente para las provincias\u201d, puntualiz\u00f3 y a\u00f1adi\u00f3 que\u201dtambi\u00e9n hay otros proyectos presentados que nos llevan a la necesidad de seguir trabajando, buscando lo mejor\u201d.&nbsp;<\/p>\n\n\n\n<p>\u201cEstamos abiertos a la discusi\u00f3n, convencidos de la Defensa que debemos hacer en un momento muy delicado para la econom\u00eda de la regi\u00f3n\u201d, indic\u00f3 el mandatario juje\u00f1o y finaliz\u00f3 afirmando que \u201cpor este camino sacaremos adelante a las provincias, a la regi\u00f3n y al pa\u00eds\u201d.<\/p>\n","protected":false},"excerpt":{"rendered":"<p>El gobernador de la Provincia, Carlos Sadir, estuvo presente en la cumbre \u201cEnerg\u00eda Cultivada: Bioetanol en el desarrollo del NOA\u201d que se celebr\u00f3 en Tucum\u00e1n y que reuni\u00f3 a destacados actores del sector p\u00fablico y privado para analizar el rol estrat\u00e9gico del bioetanol en el crecimiento sostenible del Noroeste Argentino. En este contexto, expertos en [&hellip;]<\/p>\n","protected":false},"author":7,"featured_media":15573,"comment_status":"open","ping_status":"open","sticky":false,"template":"","format":"standard","meta":{"_themeisle_gutenberg_block_has_review":false,"footnotes":""},"categories":[6],"tags":[58],"class_list":["post-15572","post","type-post","status-publish","format-standard","has-post-thumbnail","hentry","category-economia","tag-jujuy"],"_links":{"self":[{"href":"https:\/\/horapicodigital.com.ar\/index.php\/wp-json\/wp\/v2\/posts\/15572","targetHints":{"allow":["GET"]}}],"collection":[{"href":"https:\/\/horapicodigital.com.ar\/index.php\/wp-json\/wp\/v2\/posts"}],"about":[{"href":"https:\/\/horapicodigital.com.ar\/index.php\/wp-json\/wp\/v2\/types\/post"}],"author":[{"embeddable":true,"href":"https:\/\/horapicodigital.com.ar\/index.php\/wp-json\/wp\/v2\/users\/7"}],"replies":[{"embeddable":true,"href":"https:\/\/horapicodigital.com.ar\/index.php\/wp-json\/wp\/v2\/comments?post=15572"}],"version-history":[{"count":1,"href":"https:\/\/horapicodigital.com.ar\/index.php\/wp-json\/wp\/v2\/posts\/15572\/revisions"}],"predecessor-version":[{"id":15574,"href":"https:\/\/horapicodigital.com.ar\/index.php\/wp-json\/wp\/v2\/posts\/15572\/revisions\/15574"}],"wp:featuredmedia":[{"embeddable":true,"href":"https:\/\/horapicodigital.com.ar\/index.php\/wp-json\/wp\/v2\/media\/15573"}],"wp:attachment":[{"href":"https:\/\/horapicodigital.com.ar\/index.php\/wp-json\/wp\/v2\/media?parent=15572"}],"wp:term":[{"taxonomy":"category","embeddable":true,"href":"https:\/\/horapicodigital.com.ar\/index.php\/wp-json\/wp\/v2\/categories?post=15572"},{"taxonomy":"post_tag","embeddable":true,"href":"https:\/\/horapicodigital.com.ar\/index.php\/wp-json\/wp\/v2\/tags?post=15572"}],"curies":[{"name":"wp","href":"https:\/\/api.w.org\/{rel}","templated":true}]}}