{"id":15562,"date":"2025-07-23T06:46:37","date_gmt":"2025-07-23T09:46:37","guid":{"rendered":"https:\/\/horapicodigital.com.ar\/?p=15562"},"modified":"2025-07-23T06:46:37","modified_gmt":"2025-07-23T09:46:37","slug":"restringen-la-calle-libertad-del-barrio-ciudad-de-nieva","status":"publish","type":"post","link":"https:\/\/horapicodigital.com.ar\/index.php\/2025\/07\/23\/restringen-la-calle-libertad-del-barrio-ciudad-de-nieva\/","title":{"rendered":"Restringen la calle Libertad del Barrio Ciudad de Nieva"},"content":{"rendered":"\n<p>A partir del jueves restringir\u00e1n de forma parcial el tr\u00e1nsito vehicular por obras de mejoramiento.<\/p>\n\n\n\n<p>La Secretar\u00eda de Servicios P\u00fablicos de la Municipalidad de San Salvador de Jujuy, a trav\u00e9s de la Direcci\u00f3n de Tr\u00e1nsito y Transporte, inform\u00f3 que a partir del jueves 24 del corriente mes se implementar\u00e1 una restricci\u00f3n parcial al tr\u00e1nsito vehicular en el barrio Ciudad de Nieva.<\/p>\n\n\n\n<p>La medida responde a trabajos de mejoramiento en la calzada que llevar\u00e1 adelante el personal de Obras P\u00fablicas, motivo por el cual se habilitar\u00e1 \u00fanicamente media calzada para la circulaci\u00f3n vehicular y se suspender\u00e1 por completo el estacionamiento sobre calle Libertad, en el tramo comprendido entre Macedonio Graz y Dr. Iriarte.<\/p>\n\n\n\n<p>Desde el municipio solicitan a los conductores y peatones extremar las precauciones, respetar la se\u00f1alizaci\u00f3n dispuesta y colaborar con el personal presente en el lugar para garantizar la seguridad y el normal desarrollo de las tareas.<\/p>\n\n\n\n<p><\/p>\n","protected":false},"excerpt":{"rendered":"<p>A partir del jueves restringir\u00e1n de forma parcial el tr\u00e1nsito vehicular por obras de mejoramiento. La Secretar\u00eda de Servicios P\u00fablicos de la Municipalidad de San Salvador de Jujuy, a trav\u00e9s de la Direcci\u00f3n de Tr\u00e1nsito y Transporte, inform\u00f3 que a partir del jueves 24 del corriente mes se implementar\u00e1 una restricci\u00f3n parcial al tr\u00e1nsito vehicular [&hellip;]<\/p>\n","protected":false},"author":7,"featured_media":15564,"comment_status":"open","ping_status":"open","sticky":false,"template":"","format":"standard","meta":{"_themeisle_gutenberg_block_has_review":false,"footnotes":""},"categories":[2854],"tags":[58],"class_list":["post-15562","post","type-post","status-publish","format-standard","has-post-thumbnail","hentry","category-seguridad","tag-jujuy"],"_links":{"self":[{"href":"https:\/\/horapicodigital.com.ar\/index.php\/wp-json\/wp\/v2\/posts\/15562","targetHints":{"allow":["GET"]}}],"collection":[{"href":"https:\/\/horapicodigital.com.ar\/index.php\/wp-json\/wp\/v2\/posts"}],"about":[{"href":"https:\/\/horapicodigital.com.ar\/index.php\/wp-json\/wp\/v2\/types\/post"}],"author":[{"embeddable":true,"href":"https:\/\/horapicodigital.com.ar\/index.php\/wp-json\/wp\/v2\/users\/7"}],"replies":[{"embeddable":true,"href":"https:\/\/horapicodigital.com.ar\/index.php\/wp-json\/wp\/v2\/comments?post=15562"}],"version-history":[{"count":1,"href":"https:\/\/horapicodigital.com.ar\/index.php\/wp-json\/wp\/v2\/posts\/15562\/revisions"}],"predecessor-version":[{"id":15565,"href":"https:\/\/horapicodigital.com.ar\/index.php\/wp-json\/wp\/v2\/posts\/15562\/revisions\/15565"}],"wp:featuredmedia":[{"embeddable":true,"href":"https:\/\/horapicodigital.com.ar\/index.php\/wp-json\/wp\/v2\/media\/15564"}],"wp:attachment":[{"href":"https:\/\/horapicodigital.com.ar\/index.php\/wp-json\/wp\/v2\/media?parent=15562"}],"wp:term":[{"taxonomy":"category","embeddable":true,"href":"https:\/\/horapicodigital.com.ar\/index.php\/wp-json\/wp\/v2\/categories?post=15562"},{"taxonomy":"post_tag","embeddable":true,"href":"https:\/\/horapicodigital.com.ar\/index.php\/wp-json\/wp\/v2\/tags?post=15562"}],"curies":[{"name":"wp","href":"https:\/\/api.w.org\/{rel}","templated":true}]}}