{"id":15556,"date":"2025-07-23T06:41:45","date_gmt":"2025-07-23T09:41:45","guid":{"rendered":"https:\/\/horapicodigital.com.ar\/?p=15556"},"modified":"2025-07-23T06:41:46","modified_gmt":"2025-07-23T09:41:46","slug":"estudiantes-egresados-y-profesores-de-la-unju-participaran-congreso-de-ciencia-politica","status":"publish","type":"post","link":"https:\/\/horapicodigital.com.ar\/index.php\/2025\/07\/23\/estudiantes-egresados-y-profesores-de-la-unju-participaran-congreso-de-ciencia-politica\/","title":{"rendered":"ESTUDIANTES , EGRESADOS Y PROFESORES DE LA UNJU PARTICIPARAN CONGRESO DE CIENCIA POL\u00cdTICA"},"content":{"rendered":"\n<p>Una delegaci\u00f3n compuesta por trece alumnos , egresados y profesores est\u00e1n viajando a participar del XVII congreso nacional de la Ciencia Pol\u00edtica<br>en la Ciudad de Rosario Provincia de Santa Fe,<br>que se llevar\u00e1 adelante a partir del 23 al 26 de este mes<br>Es la primera vez que una delegaci\u00f3n miembros de carrera Licenciatura en Ciencias Pol\u00edticas y Abogac\u00eda participa de este prestigioso congreso.<\/p>\n\n\n\n<h1 class=\"wp-block-heading\">UniversidadPublicaSiempre<\/h1>\n\n\n\n<h1 class=\"wp-block-heading\">Agrupacion<\/h1>\n\n\n\n<h1 class=\"wp-block-heading\">AccionColectivaUniversitaria<\/h1>\n","protected":false},"excerpt":{"rendered":"<p>Una delegaci\u00f3n compuesta por trece alumnos , egresados y profesores est\u00e1n viajando a participar del XVII congreso nacional de la Ciencia Pol\u00edticaen la Ciudad de Rosario Provincia de Santa Fe,que se llevar\u00e1 adelante a partir del 23 al 26 de este mesEs la primera vez que una delegaci\u00f3n miembros de carrera Licenciatura en Ciencias Pol\u00edticas [&hellip;]<\/p>\n","protected":false},"author":7,"featured_media":15557,"comment_status":"open","ping_status":"open","sticky":false,"template":"","format":"standard","meta":{"_themeisle_gutenberg_block_has_review":false,"footnotes":""},"categories":[248],"tags":[58],"class_list":["post-15556","post","type-post","status-publish","format-standard","has-post-thumbnail","hentry","category-educacion","tag-jujuy"],"_links":{"self":[{"href":"https:\/\/horapicodigital.com.ar\/index.php\/wp-json\/wp\/v2\/posts\/15556","targetHints":{"allow":["GET"]}}],"collection":[{"href":"https:\/\/horapicodigital.com.ar\/index.php\/wp-json\/wp\/v2\/posts"}],"about":[{"href":"https:\/\/horapicodigital.com.ar\/index.php\/wp-json\/wp\/v2\/types\/post"}],"author":[{"embeddable":true,"href":"https:\/\/horapicodigital.com.ar\/index.php\/wp-json\/wp\/v2\/users\/7"}],"replies":[{"embeddable":true,"href":"https:\/\/horapicodigital.com.ar\/index.php\/wp-json\/wp\/v2\/comments?post=15556"}],"version-history":[{"count":1,"href":"https:\/\/horapicodigital.com.ar\/index.php\/wp-json\/wp\/v2\/posts\/15556\/revisions"}],"predecessor-version":[{"id":15558,"href":"https:\/\/horapicodigital.com.ar\/index.php\/wp-json\/wp\/v2\/posts\/15556\/revisions\/15558"}],"wp:featuredmedia":[{"embeddable":true,"href":"https:\/\/horapicodigital.com.ar\/index.php\/wp-json\/wp\/v2\/media\/15557"}],"wp:attachment":[{"href":"https:\/\/horapicodigital.com.ar\/index.php\/wp-json\/wp\/v2\/media?parent=15556"}],"wp:term":[{"taxonomy":"category","embeddable":true,"href":"https:\/\/horapicodigital.com.ar\/index.php\/wp-json\/wp\/v2\/categories?post=15556"},{"taxonomy":"post_tag","embeddable":true,"href":"https:\/\/horapicodigital.com.ar\/index.php\/wp-json\/wp\/v2\/tags?post=15556"}],"curies":[{"name":"wp","href":"https:\/\/api.w.org\/{rel}","templated":true}]}}