{"id":15502,"date":"2025-07-21T07:06:58","date_gmt":"2025-07-21T10:06:58","guid":{"rendered":"https:\/\/horapicodigital.com.ar\/?p=15502"},"modified":"2025-07-21T07:07:01","modified_gmt":"2025-07-21T10:07:01","slug":"kicillof-se-carga-el-peso-de-la-eleccion-bonaerense-y-coloca-a-magario-y-katopodis-como-los-principales-candidatos-en-el-conurbano","status":"publish","type":"post","link":"https:\/\/horapicodigital.com.ar\/index.php\/2025\/07\/21\/kicillof-se-carga-el-peso-de-la-eleccion-bonaerense-y-coloca-a-magario-y-katopodis-como-los-principales-candidatos-en-el-conurbano\/","title":{"rendered":"Kicillof se carga el peso de la elecci\u00f3n bonaerense y coloca a Magario y Katopodis como los principales candidatos en el conurbano"},"content":{"rendered":"\n<p>Kicillof se carga el peso de la elecci\u00f3n bonaerense y coloca a Magario y Katopodis como los principales candidatos en el conurbano.<\/p>\n\n\n\n<p><strong>\u201cSabemos que todo lo que pase es culpa nuestra\u201d<\/strong>. La frase resume el sentimiento que ten\u00edan hoy el gobernador&nbsp;<strong>Axel Kicillof<\/strong>&nbsp;y los intendentes del Movimiento Derecho al Futuro (MdF) tras el espinoso cierre de las listas bonaerenses de&nbsp;<strong>Fuerza Patria<\/strong>, la nueva denominaci\u00f3n del PJ y sus aliados, que se armaron en una dura y extensa negociaci\u00f3n con<strong>&nbsp;Sergio Massa<\/strong>&nbsp;y especialmente con La C\u00e1mpora, al comando de<strong>&nbsp;M\u00e1ximo Kirchner<\/strong>. El acuerdo interno, sin embargo, aun exhibe se\u00f1ales de&nbsp;<strong>fragilidad<\/strong>.<\/p>\n\n\n\n<p>Como quedaron cerradas las listas, la \u201cculpa\u201d de Kicillof ser\u00e1 doble: si el peronismo gana la elecci\u00f3n del 7 de septiembre, podr\u00e1 decir que los principales candidatos,&nbsp;<strong>Gabriel Katopodis<\/strong>&nbsp;y&nbsp;<strong>Ver\u00f3nica Magario<\/strong>, traccionaron votos en las secciones Primera y Tercera, en el coraz\u00f3n del conurbano, donde residen unos diez millones de electores. Pero el camporismo ya le hizo saber, desde que desdobl\u00f3 los comicios contra lo que pensaba&nbsp;<strong>Cristina Kirchner<\/strong>, que si pierden contra los libertarios, entonces&nbsp;<strong>el peso de la derrota caer\u00e1 sobre sus espaldas<\/strong>.<\/p>\n\n\n\n<p>Adem\u00e1s de las cartas fuertes de la vicegobernadora y el ministro de Infraestructura, dos dirigentes con historia en sus distritos -La Matanza y San Mart\u00edn-, el axelismo tambi\u00e9n coloc\u00f3 en las listas regionales a&nbsp;<strong>Diego Nanni<\/strong>, el intendente de Exaltaci\u00f3n de la Cruz, a la cabeza de la&nbsp;<strong>Segunda Secci\u00f3n<\/strong>.<\/p>\n\n\n\n<p>Los otros cinco primeros candidatos, de las secciones Cuarta, Quinta, Sexta, S\u00e9ptima y Octava, responden a la expresidenta Cristina Kirchner o a La C\u00e1mpora. Se trata de&nbsp;<strong>Diego Videla<\/strong>, concejal Pehuaj\u00f3;&nbsp;<strong>Fernanda Raverta<\/strong>, marplatense y extitular de Anses;&nbsp;<strong>Alejandro Di Chiara<\/strong>, vice primero de la C\u00e1mara de Diputados bonaerense, de Monte Hermoso; la concejala de Azul<strong>&nbsp;Mar\u00eda In\u00e9s Laurini<\/strong>&nbsp;y el legislador provincial platense<strong>&nbsp;Ariel Archanco<\/strong>.<\/p>\n\n\n\n<p>Seg\u00fan pudo saber\u00a0<strong>LA NACION<\/strong>, el massismo coloc\u00f3 a\u00a0<strong>Malena Galmarini<\/strong>\u00a0como segunda detr\u00e1s de Katopodis en la\u00a0<strong>Primera Secci\u00f3n<\/strong>\u00a0y a otros seis postulantes en otras regiones, mientras que La C\u00e1mpora ubic\u00f3 al jefe del bloque de diputados,\u00a0<strong>Facundo Tignanelli<\/strong>, como n\u00famero dos de Magario en la\u00a0<strong>Tercera<\/strong>. Se trat\u00f3 de un reparto por espacios, sin l\u00f3gica de despliegue territorial, ya que Tignanelli tambi\u00e9n es de La Matanza.<\/p>\n\n\n\n<p>La negociaci\u00f3n, ca\u00f3tica por momentos porque fue afectada por<strong>&nbsp;dos cortes de luz<\/strong>&nbsp;en La Plata, fue una prueba de fuego para Kicillof, que por primera vez se puso al frente del tira y afloja con el camporismo y el massismo.<strong>&nbsp;\u201cLo vi dispuesto a no dejarse basurear\u201d<\/strong>, desliz\u00f3 un dirigente que lo conoce desde hace a\u00f1os. Y sum\u00f3: \u201cNo quedamos conformes con las maneras ni por los desmanejos del cierre\u201d.<\/p>\n\n\n\n<p>Kicillof no estuvo solo en la Gobernaci\u00f3n. Lo apuntalaron sus ministros&nbsp;<strong>Carlos Bianco<\/strong>&nbsp;y Katopodis -ahora candidato- y el intendente de Almirante Brown,&nbsp;<strong>Mariano Cascallares<\/strong>, en las conversaciones cara a cara con los enviados de M\u00e1ximo, que fueron&nbsp;<strong>Mayra Mendoza<\/strong>, Tignanelli y&nbsp;<strong>Emanuel Santalla<\/strong>, senador por Avellaneda.<\/p>\n\n\n\n<p>Tras bambalinas, en la sede de la Gobernaci\u00f3n, se apost\u00f3 una guardia pretoriana de intendentes axelistas, entre los que se cont\u00f3 a&nbsp;<strong>Jorge Ferraresi&nbsp;<\/strong>(Avellaneda),&nbsp;<strong>Julio Alak<\/strong>&nbsp;(La Plata),&nbsp;<strong>Andr\u00e9s Watson&nbsp;<\/strong>(Florencio Varela),<strong>&nbsp;Juan Jos\u00e9 Mussi<\/strong>&nbsp;(Berazategui),&nbsp;<strong>Mario Secco<\/strong>&nbsp;(Ensenada) y<strong>&nbsp;Fabi\u00e1n Cagliardi<\/strong>&nbsp;(Berisso). Tambi\u00e9n se los vio al exjefe comunal&nbsp;<strong>Alberto Descalzo<\/strong>&nbsp;(Ituzaing\u00f3) y a varios intendentes del interior.<\/p>\n\n\n\n<p>Massa, por su parte, estuvo acompa\u00f1ado por&nbsp;<strong>Sebasti\u00e1n Galmarini<\/strong>, uno de los directores del Banco Provincia; y por el diputado bonaerense&nbsp;<strong>Rub\u00e9n Eslaiman<\/strong>. \u201cDespu\u00e9s de una negociaci\u00f3n tensa, llegamos a un buen acuerdo. Con buenos equilibrios entre todos, y candidatos competitivos en todas las secciones\u201d, estim\u00f3 el&nbsp;<strong>Frente Renovador<\/strong>, con el traje puesto de&nbsp;<strong>garante de la unidad<\/strong>, en un panperonismo en el que las heridas siguen abiertas.<\/p>\n\n\n\n<p>Entre los presentes en la Gobernaci\u00f3n, lo que m\u00e1s llam\u00f3 la atenci\u00f3n fue la ausencia de M\u00e1ximo Kirchner.&nbsp;<strong>\u201cEstuvo solo unos minutos\u201d<\/strong>, dijo a&nbsp;<strong>LA NACION<\/strong>&nbsp;una fuente de su entorno, que tambi\u00e9n admiti\u00f3 que el doble jefe del PJ bonaerense y de La C\u00e1mpora pudo haber optado por delegar las conversaciones con Kicillof y Massa -sobre todo con el gobernador- para que<strong>&nbsp;no se terminara de romper el acuerdo, que por momentos estuvo al borde del precipicio<\/strong>.<\/p>\n\n\n\n<p>A tal punto, que las negociaciones se estiraron por la falta de acuerdo y el PJ tuvo que pedirle dos pr\u00f3rrogas a la&nbsp;<strong>Junta Electoral provincial<\/strong>: la primera desde las 24 del s\u00e1bado a las dos de la madrugada del domingo; y la segunda hasta las 4. Finalmente, la Junta decidi\u00f3 postergar la presentaci\u00f3n de las listas -y la documentaci\u00f3n respectiva- hasta&nbsp;<strong>ma\u00f1ana a las 14<\/strong>, ya que la carga de datos tambi\u00e9n se vio alterada por dos cortes de luz en la capital bonaerense.<\/p>\n\n\n\n<p>As\u00ed las cosas, y m\u00e1s all\u00e1 de la interna, en el peronismo se preparan para una elecci\u00f3n polarizada contra el frente&nbsp;<strong>La Libertad Avanza<\/strong>, que aglutina a los libertarios con una parte de Pro en territorio bonaerense.&nbsp;<strong>\u201cEstamos en condiciones de ganar la elecci\u00f3n por tres o cuatro puntos\u201d<\/strong>, calcul\u00f3 uno de los dirigentes que estuvo hasta esta madrugada en la \u00e1spera mesa de negociaciones platense.<\/p>\n\n\n\n<p>En el punteo de candidatos, que LLA y Pro anunciaron m\u00e1s temprano, en Fuerza Patria consideran que ir\u00e1n contra<strong>&nbsp;rivales \u201cmuy flojos\u201d<\/strong>&nbsp;en las secciones Tercera y la Octava; y&nbsp;<strong>\u201cm\u00e1s fuertes\u201d&nbsp;<\/strong>en la Primera y la Quinta. Se refieren, as\u00ed, a las postulaciones de los intendentes&nbsp;<strong>Diego Valenzuela<\/strong>&nbsp;(Tres de Febrero) y&nbsp;<strong>Guillermo Montenegro<\/strong>&nbsp;(Mar del Plata), ambos reconocidos por el electorado; y tambi\u00e9n a dos candidatos \u201cmuy ganables\u201d, como el excomisario&nbsp;<strong>Maximiliano Bondarenko<\/strong>&nbsp;y el platense&nbsp;<strong>Juan Osaba<\/strong>, un dirigente vinculado a&nbsp;<strong>Sebasti\u00e1n Pareja<\/strong>.<\/p>\n\n\n\n<p><strong>\u201cEsto va a ser celeste y blanco contra violeta, lo dem\u00e1s es testimonial\u201d<\/strong>, se\u00f1alan en el peronismo ampliado, donde tambi\u00e9n advierten que \u201cnadie mide m\u00e1s que la marca\u201d y avisan que el presidente&nbsp;<strong>Javier Milei<\/strong>&nbsp;atraviesa por \u201csu peor momento de imagen en la provincia y especialmente en el conurbano\u201d. El traslado a\u00fan no verificado de la mejora macroecon\u00f3mica al bolsillo de las familias ser\u00e1 uno de los&nbsp;<strong>caballitos de batalla de la campa\u00f1a de Fuerza Patria<\/strong>.<\/p>\n\n\n\n<p>Mientras tanto, el objetivo de los principales dirigentes del PJ ser\u00e1 bajar la espuma que dej\u00f3 el demasiado tenso y desprolijo cierre de listas. La&nbsp;<strong>carencia de una conducci\u00f3n unificada<\/strong>, m\u00e1s la irrupci\u00f3n de un liderazgo emergente pero a prueba, como el que ensaya Kicillof, hace que el peronismo no vaya a las elecciones en su mejor versi\u00f3n.<\/p>\n","protected":false},"excerpt":{"rendered":"<p>Kicillof se carga el peso de la elecci\u00f3n bonaerense y coloca a Magario y Katopodis como los principales candidatos en el conurbano. \u201cSabemos que todo lo que pase es culpa nuestra\u201d. La frase resume el sentimiento que ten\u00edan hoy el gobernador&nbsp;Axel Kicillof&nbsp;y los intendentes del Movimiento Derecho al Futuro (MdF) tras el espinoso cierre de [&hellip;]<\/p>\n","protected":false},"author":7,"featured_media":15503,"comment_status":"open","ping_status":"open","sticky":false,"template":"","format":"standard","meta":{"_themeisle_gutenberg_block_has_review":false,"footnotes":""},"categories":[2797,34,33,1],"tags":[38,85],"class_list":["post-15502","post","type-post","status-publish","format-standard","has-post-thumbnail","hentry","category-accidente","category-policiales","category-politica","category-uncategorized","tag-economia","tag-pais"],"_links":{"self":[{"href":"https:\/\/horapicodigital.com.ar\/index.php\/wp-json\/wp\/v2\/posts\/15502","targetHints":{"allow":["GET"]}}],"collection":[{"href":"https:\/\/horapicodigital.com.ar\/index.php\/wp-json\/wp\/v2\/posts"}],"about":[{"href":"https:\/\/horapicodigital.com.ar\/index.php\/wp-json\/wp\/v2\/types\/post"}],"author":[{"embeddable":true,"href":"https:\/\/horapicodigital.com.ar\/index.php\/wp-json\/wp\/v2\/users\/7"}],"replies":[{"embeddable":true,"href":"https:\/\/horapicodigital.com.ar\/index.php\/wp-json\/wp\/v2\/comments?post=15502"}],"version-history":[{"count":1,"href":"https:\/\/horapicodigital.com.ar\/index.php\/wp-json\/wp\/v2\/posts\/15502\/revisions"}],"predecessor-version":[{"id":15504,"href":"https:\/\/horapicodigital.com.ar\/index.php\/wp-json\/wp\/v2\/posts\/15502\/revisions\/15504"}],"wp:featuredmedia":[{"embeddable":true,"href":"https:\/\/horapicodigital.com.ar\/index.php\/wp-json\/wp\/v2\/media\/15503"}],"wp:attachment":[{"href":"https:\/\/horapicodigital.com.ar\/index.php\/wp-json\/wp\/v2\/media?parent=15502"}],"wp:term":[{"taxonomy":"category","embeddable":true,"href":"https:\/\/horapicodigital.com.ar\/index.php\/wp-json\/wp\/v2\/categories?post=15502"},{"taxonomy":"post_tag","embeddable":true,"href":"https:\/\/horapicodigital.com.ar\/index.php\/wp-json\/wp\/v2\/tags?post=15502"}],"curies":[{"name":"wp","href":"https:\/\/api.w.org\/{rel}","templated":true}]}}