{"id":15329,"date":"2025-07-11T08:05:15","date_gmt":"2025-07-11T11:05:15","guid":{"rendered":"https:\/\/horapicodigital.com.ar\/?p=15329"},"modified":"2025-07-11T08:05:20","modified_gmt":"2025-07-11T11:05:20","slug":"este-viernes-comienza-el-paseo-de-invierno-con-espectaculos-y-feria-artesanal","status":"publish","type":"post","link":"https:\/\/horapicodigital.com.ar\/index.php\/2025\/07\/11\/este-viernes-comienza-el-paseo-de-invierno-con-espectaculos-y-feria-artesanal\/","title":{"rendered":"Este viernes comienza el Paseo de Invierno con espect\u00e1culos y feria artesanal"},"content":{"rendered":"\n<p>Del 11 al 20 de julio, el Centro Cultural \u201cManuel Belgrano\u201d (ex Vieja Estaci\u00f3n) se convertir\u00e1 en el centro del entretenimiento familiar con una nueva edici\u00f3n del tradicional\u00a0Paseo de Invierno, organizado por el Municipio capitalino.<\/p>\n\n\n\n<p>Durante diez d\u00edas, vecinos y turistas podr\u00e1n disfrutar de una variada programaci\u00f3n de espect\u00e1culos en vivo, propuestas culturales, actividades recreativas y una feria de emprendedores locales. La entrada es libre y gratuita, y est\u00e1 pensada para toda la familia, en el marco de las vacaciones de invierno.<\/p>\n\n\n\n<p>Los horarios para visitar el Paseo de Invierno en el Centro Cultural Manuel Belgrano ser\u00e1 de&nbsp;11 a 21 horas de domingo a jueves, y hasta las 22 los viernes y s\u00e1bados, ofreciendo un recorrido lleno de m\u00fasica, danzas, sabores regionales y productos \u00fanicos hechos a mano por artesanos juje\u00f1os.<\/p>\n\n\n\n<p>La propuesta no solo apunta al entretenimiento, sino tambi\u00e9n al fortalecimiento del consumo local, el trabajo emprendedor y el turismo interno. Los stands ofrecer\u00e1n productos artesanales como tejidos, cer\u00e1micas, dulces, trabajos en madera y cuero, aromas, y muchas opciones m\u00e1s para llevar un recuerdo especial.<\/p>\n\n\n\n<p>Desde el municipio destacaron que el Paseo de Invierno es un espacio de encuentro donde la cultura, el arte y el emprendedurismo se fusionan para que juje\u00f1os y visitantes vivan una experiencia distinta en estas vacaciones.<\/p>\n\n\n<div class=\"wp-block-image\">\n<figure class=\"aligncenter size-full\"><img loading=\"lazy\" decoding=\"async\" width=\"591\" height=\"748\" src=\"https:\/\/horapicodigital.com.ar\/wp-content\/uploads\/2025\/07\/Screenshot-2025-07-11-080332.png\" alt=\"\" class=\"wp-image-15330\" srcset=\"https:\/\/horapicodigital.com.ar\/wp-content\/uploads\/2025\/07\/Screenshot-2025-07-11-080332.png 591w, https:\/\/horapicodigital.com.ar\/wp-content\/uploads\/2025\/07\/Screenshot-2025-07-11-080332-237x300.png 237w\" sizes=\"auto, (max-width: 591px) 100vw, 591px\" \/><\/figure>\n<\/div>\n\n<div class=\"wp-block-image\">\n<figure class=\"aligncenter size-full\"><img loading=\"lazy\" decoding=\"async\" width=\"594\" height=\"748\" src=\"https:\/\/horapicodigital.com.ar\/wp-content\/uploads\/2025\/07\/Screenshot-2025-07-11-080342.png\" alt=\"\" class=\"wp-image-15331\" srcset=\"https:\/\/horapicodigital.com.ar\/wp-content\/uploads\/2025\/07\/Screenshot-2025-07-11-080342.png 594w, https:\/\/horapicodigital.com.ar\/wp-content\/uploads\/2025\/07\/Screenshot-2025-07-11-080342-238x300.png 238w\" sizes=\"auto, (max-width: 594px) 100vw, 594px\" \/><\/figure>\n<\/div>\n\n<div class=\"wp-block-image\">\n<figure class=\"aligncenter size-full\"><img loading=\"lazy\" decoding=\"async\" width=\"588\" height=\"750\" src=\"https:\/\/horapicodigital.com.ar\/wp-content\/uploads\/2025\/07\/Screenshot-2025-07-11-080351.png\" alt=\"\" class=\"wp-image-15332\" srcset=\"https:\/\/horapicodigital.com.ar\/wp-content\/uploads\/2025\/07\/Screenshot-2025-07-11-080351.png 588w, https:\/\/horapicodigital.com.ar\/wp-content\/uploads\/2025\/07\/Screenshot-2025-07-11-080351-235x300.png 235w\" sizes=\"auto, (max-width: 588px) 100vw, 588px\" \/><\/figure>\n<\/div>\n\n\n<p><\/p>\n","protected":false},"excerpt":{"rendered":"<p>Del 11 al 20 de julio, el Centro Cultural \u201cManuel Belgrano\u201d (ex Vieja Estaci\u00f3n) se convertir\u00e1 en el centro del entretenimiento familiar con una nueva edici\u00f3n del tradicional\u00a0Paseo de Invierno, organizado por el Municipio capitalino. Durante diez d\u00edas, vecinos y turistas podr\u00e1n disfrutar de una variada programaci\u00f3n de espect\u00e1culos en vivo, propuestas culturales, actividades recreativas [&hellip;]<\/p>\n","protected":false},"author":7,"featured_media":15333,"comment_status":"open","ping_status":"open","sticky":false,"template":"","format":"standard","meta":{"_themeisle_gutenberg_block_has_review":false,"footnotes":""},"categories":[2714],"tags":[58],"class_list":["post-15329","post","type-post","status-publish","format-standard","has-post-thumbnail","hentry","category-shows-y-eventos","tag-jujuy"],"_links":{"self":[{"href":"https:\/\/horapicodigital.com.ar\/index.php\/wp-json\/wp\/v2\/posts\/15329","targetHints":{"allow":["GET"]}}],"collection":[{"href":"https:\/\/horapicodigital.com.ar\/index.php\/wp-json\/wp\/v2\/posts"}],"about":[{"href":"https:\/\/horapicodigital.com.ar\/index.php\/wp-json\/wp\/v2\/types\/post"}],"author":[{"embeddable":true,"href":"https:\/\/horapicodigital.com.ar\/index.php\/wp-json\/wp\/v2\/users\/7"}],"replies":[{"embeddable":true,"href":"https:\/\/horapicodigital.com.ar\/index.php\/wp-json\/wp\/v2\/comments?post=15329"}],"version-history":[{"count":1,"href":"https:\/\/horapicodigital.com.ar\/index.php\/wp-json\/wp\/v2\/posts\/15329\/revisions"}],"predecessor-version":[{"id":15334,"href":"https:\/\/horapicodigital.com.ar\/index.php\/wp-json\/wp\/v2\/posts\/15329\/revisions\/15334"}],"wp:featuredmedia":[{"embeddable":true,"href":"https:\/\/horapicodigital.com.ar\/index.php\/wp-json\/wp\/v2\/media\/15333"}],"wp:attachment":[{"href":"https:\/\/horapicodigital.com.ar\/index.php\/wp-json\/wp\/v2\/media?parent=15329"}],"wp:term":[{"taxonomy":"category","embeddable":true,"href":"https:\/\/horapicodigital.com.ar\/index.php\/wp-json\/wp\/v2\/categories?post=15329"},{"taxonomy":"post_tag","embeddable":true,"href":"https:\/\/horapicodigital.com.ar\/index.php\/wp-json\/wp\/v2\/tags?post=15329"}],"curies":[{"name":"wp","href":"https:\/\/api.w.org\/{rel}","templated":true}]}}