{"id":15235,"date":"2025-07-07T06:45:48","date_gmt":"2025-07-07T09:45:48","guid":{"rendered":"https:\/\/horapicodigital.com.ar\/?p=15235"},"modified":"2025-07-07T06:50:58","modified_gmt":"2025-07-07T09:50:58","slug":"anuncian-la-construccion-de-mas-de-200-nuevos-departamentos-en-alto-comedero","status":"publish","type":"post","link":"https:\/\/horapicodigital.com.ar\/index.php\/2025\/07\/07\/anuncian-la-construccion-de-mas-de-200-nuevos-departamentos-en-alto-comedero\/","title":{"rendered":"Anuncian la construcci\u00f3n de m\u00e1s de 200 nuevos departamentos en Alto Comedero"},"content":{"rendered":"\n<p>El presidente del IVUJ, Jos\u00e9 Luis Paiquez, confirm\u00f3 que este mes se pondr\u00e1n en marcha siete proyectos habitacionales en la zona de las 150 Hect\u00e1reas.<\/p>\n\n\n\n<p>El Instituto de Vivienda y Urbanismo de Jujuy (IVUJ) confirm\u00f3 que durante este mes de julio se iniciar\u00e1 la construcci\u00f3n de&nbsp;<strong>m\u00e1s de 200 departamentos<\/strong>&nbsp;en el sector de&nbsp;<strong>Alto Comedero<\/strong>, en el \u00e1rea conocida como las&nbsp;<strong>150 Hect\u00e1reas<\/strong>.<\/p>\n\n\n\n<p>Seg\u00fan detall\u00f3 el presidente del organismo,&nbsp;<strong>Jos\u00e9 Luis Paiquez<\/strong>, se trata de&nbsp;<strong>siete nuevos proyectos habitacionales<\/strong>&nbsp;que ya pasaron por procesos de licitaci\u00f3n p\u00fablica y privada. \u201cCuatro de estos proyectos est\u00e1n pr\u00f3ximos a la firma de contrato para iniciar la ejecuci\u00f3n, y los otros tres ya abrieron la licitaci\u00f3n privada. Esperamos comenzar todos este mismo mes\u201d, expres\u00f3.<\/p>\n\n\n\n<p>Los desarrollos incluir\u00e1n&nbsp;<strong>conjuntos habitacionales de entre 32, 48 y 64 departamentos<\/strong>, con&nbsp;<strong>plazos de obra de 18 a 24 meses<\/strong>. Estas nuevas construcciones se sumar\u00e1n a los 110 departamentos entregados recientemente bajo el programa Casa Propia, y forman parte del plan de urbanizaci\u00f3n que impulsa el IVUJ en esa zona.<\/p>\n\n\n\n<p>\u201cEl impacto urbano ser\u00e1 muy importante. La zona viene creciendo de forma sostenida, y con estas obras vamos a seguir mejorando la calidad de vida de muchas familias\u201d, destac\u00f3 Paiquez.<\/p>\n\n\n\n<h3 class=\"wp-block-heading\"><strong>Avanza el proceso de adhesi\u00f3n para las Torres de Luj\u00e1n<\/strong><\/h3>\n\n\n\n<p>Por otro lado, el titular del IVUJ tambi\u00e9n brind\u00f3 novedades sobre el proyecto de las&nbsp;<strong>Torres de Luj\u00e1n<\/strong>, una obra que avanza f\u00edsicamente en la capital juje\u00f1a y que gener\u00f3 mucho inter\u00e9s en la comunidad.<\/p>\n\n\n\n<p>\u201cYa realizamos la evaluaci\u00f3n de los adheridos. Se registraron&nbsp;<strong>1.037 personas<\/strong>, pero solo&nbsp;<strong>224 cumplieron con todos los requisitos<\/strong>&nbsp;para participar del sorteo p\u00fablico de prelaci\u00f3n\u201d, inform\u00f3 Paiquez. Entre los motivos de exclusi\u00f3n, mencion\u00f3&nbsp;<strong>la falta de documentaci\u00f3n, ingresos insuficientes o la tenencia previa de una propiedad<\/strong>.<\/p>\n\n\n\n<p>Torres de Luj\u00e1n<br>La obra de las torres incluye m\u00e1s de 40 unidades funcionales entre departamentos y locales comerciales. Desde el IVUJ adelantaron que en los pr\u00f3ximos d\u00edas se dar\u00e1 a conocer la fecha del sorteo, que se realizar\u00e1 de forma p\u00fablica y con transmisi\u00f3n online.<\/p>\n\n\n\n<p>\u201cEl objetivo sigue siendo garantizar el acceso a la vivienda \u00fanica y de uso permanente, por eso somos tan rigurosos en la evaluaci\u00f3n\u201d, asegur\u00f3 el funcionario.<\/p>\n\n\n\n<p><\/p>\n","protected":false},"excerpt":{"rendered":"<p>El presidente del IVUJ, Jos\u00e9 Luis Paiquez, confirm\u00f3 que este mes se pondr\u00e1n en marcha siete proyectos habitacionales en la zona de las 150 Hect\u00e1reas. El Instituto de Vivienda y Urbanismo de Jujuy (IVUJ) confirm\u00f3 que durante este mes de julio se iniciar\u00e1 la construcci\u00f3n de&nbsp;m\u00e1s de 200 departamentos&nbsp;en el sector de&nbsp;Alto Comedero, en el [&hellip;]<\/p>\n","protected":false},"author":7,"featured_media":15236,"comment_status":"open","ping_status":"open","sticky":false,"template":"","format":"standard","meta":{"_themeisle_gutenberg_block_has_review":false,"footnotes":""},"categories":[6,118],"tags":[1525,58],"class_list":["post-15235","post","type-post","status-publish","format-standard","has-post-thumbnail","hentry","category-economia","category-sociedad","tag-ivuj","tag-jujuy"],"_links":{"self":[{"href":"https:\/\/horapicodigital.com.ar\/index.php\/wp-json\/wp\/v2\/posts\/15235","targetHints":{"allow":["GET"]}}],"collection":[{"href":"https:\/\/horapicodigital.com.ar\/index.php\/wp-json\/wp\/v2\/posts"}],"about":[{"href":"https:\/\/horapicodigital.com.ar\/index.php\/wp-json\/wp\/v2\/types\/post"}],"author":[{"embeddable":true,"href":"https:\/\/horapicodigital.com.ar\/index.php\/wp-json\/wp\/v2\/users\/7"}],"replies":[{"embeddable":true,"href":"https:\/\/horapicodigital.com.ar\/index.php\/wp-json\/wp\/v2\/comments?post=15235"}],"version-history":[{"count":1,"href":"https:\/\/horapicodigital.com.ar\/index.php\/wp-json\/wp\/v2\/posts\/15235\/revisions"}],"predecessor-version":[{"id":15237,"href":"https:\/\/horapicodigital.com.ar\/index.php\/wp-json\/wp\/v2\/posts\/15235\/revisions\/15237"}],"wp:featuredmedia":[{"embeddable":true,"href":"https:\/\/horapicodigital.com.ar\/index.php\/wp-json\/wp\/v2\/media\/15236"}],"wp:attachment":[{"href":"https:\/\/horapicodigital.com.ar\/index.php\/wp-json\/wp\/v2\/media?parent=15235"}],"wp:term":[{"taxonomy":"category","embeddable":true,"href":"https:\/\/horapicodigital.com.ar\/index.php\/wp-json\/wp\/v2\/categories?post=15235"},{"taxonomy":"post_tag","embeddable":true,"href":"https:\/\/horapicodigital.com.ar\/index.php\/wp-json\/wp\/v2\/tags?post=15235"}],"curies":[{"name":"wp","href":"https:\/\/api.w.org\/{rel}","templated":true}]}}