{"id":15228,"date":"2025-07-07T06:40:17","date_gmt":"2025-07-07T09:40:17","guid":{"rendered":"https:\/\/horapicodigital.com.ar\/?p=15228"},"modified":"2025-07-07T06:40:25","modified_gmt":"2025-07-07T09:40:25","slug":"tras-el-congreso-del-pj-axel-kicillof-hizo-un-llamado-a-la-unidad-duras-criticas-al-autoritarismo-de-milei-y-un-guino-a-cristina-kirchner","status":"publish","type":"post","link":"https:\/\/horapicodigital.com.ar\/index.php\/2025\/07\/07\/tras-el-congreso-del-pj-axel-kicillof-hizo-un-llamado-a-la-unidad-duras-criticas-al-autoritarismo-de-milei-y-un-guino-a-cristina-kirchner\/","title":{"rendered":"Tras el congreso del PJ, Axel Kicillof hizo un llamado a la unidad: duras cr\u00edticas al \u201cautoritarismo de Milei\u201d y un gui\u00f1o a Cristina Kirchner"},"content":{"rendered":"\n<h2 class=\"wp-block-heading\">El gobernador hizo un llamado ante la \u00aburgencia que supera cualquier diferencia o disputa\u00bb.Fue un d\u00eda despu\u00e9s del encuentro del peronismo bonaerense.<\/h2>\n\n\n\n<p>Apenas un d\u00eda despu\u00e9s del\u00a0<strong>Congreso del peronismo bonaerense<\/strong>, y en sinton\u00eda con las se\u00f1ales que partieron de ese encuentro celebrado en Merlo, el gobernador<strong>\u00a0Axel Kicillof\u00a0<\/strong>admiti\u00f3 las \u00abmiradas distintas\u00bb que existen dentro del partido pero insisti\u00f3 en que<strong>\u00a0el PJ debe ir unido en las pr\u00f3ximas elecciones<\/strong>.<\/p>\n\n\n\n<p>Kicillof public\u00f3 un extenso tuit en su cuenta de X en el que se refiri\u00f3 al \u00abpaso important\u00edsimo\u00bb que se di\u00f3 con el\u00a0Congreso celebrado el s\u00e1bado. \u00abSabemos que dentro del peronismo existen miradas distintas sobre\u00a0<strong>la experiencia fallida del Gobierno Nacional del FdT<\/strong>\u00a0y sobre el camino a seguir para reparar aquella decepci\u00f3n.\u00a0<strong>Esos debates continuar\u00e1n:<\/strong>\u00a0son inevitables y necesarios\u00bb, escribi\u00f3 el gobernador, en un ensayo de autocr\u00edtica.<\/p>\n\n\n\n<p>\u00abSin embargo, hoy<strong>&nbsp;existe una urgencia que supera cualquier diferencia<\/strong>&nbsp;o disputa: en cada caminata, en cada recorrido, en cada plenario, militantes, trabajadores y vecinos&nbsp;<strong>nos piden lo mismo a los dirigentes: vayan juntos<\/strong>\u00ab, agreg\u00f3, subrayando la necesidad de consolidar la unidad del peronismo de cara a las elecciones provinciales de septiembre y las nacionales de octubre.<\/p>\n\n\n\n<p>Cuando quedan apenas<strong>\u00a0tres d\u00edas para el cierre de alianzas\u00a0<\/strong>electorales, y en un nuevo esfuerzo por apaciguar\u00a0un clima interno que amenazaba con caldearse\u00a0por el armado de las listas en medio de los tironeos entre el gobernador y un grupo de intendentes de un lado, y La C\u00e1mpora liderada por M\u00e1ximo Kirchner del otro, el gobernador destac\u00f3 que \u00abcolectivamente se acord\u00f3<strong>\u00a0consolidar un gran frente<\/strong>\u00a0que, en las pr\u00f3ximas elecciones legislativas,<strong>\u00a0funcione como escudo\u00a0<\/strong>y ponga un freno a la motosierra que hoy arrasa derechos y sue\u00f1os\u00bb.<\/p>\n\n\n\n<p>Kicillof, blanco permanente y preferido de los insultos del presidente Javier Milei, dedic\u00f3 tambi\u00e9n una parte de su tuit a criticar al mandatario con&nbsp;<strong>un gui\u00f1o a la expresidenta Cristina Kirchner<\/strong>&nbsp;incluido.<\/p>\n\n\n\n<h2 class=\"wp-block-heading\">El gui\u00f1o de Axel Kicillof a Cristina Kirchner<\/h2>\n\n\n\n<p>\u00abLa motosierra se est\u00e1 volviendo cada vez m\u00e1s despiadada y&nbsp;<strong>el autoritarismo de Milei dej\u00f3 de ser solo un discurso<\/strong>&nbsp;para convertirse en una dur\u00edsima realidad. La lista es larga y oscura: persecuci\u00f3n de militantes, salvaje represi\u00f3n en las protestas, acoso sobre quienes critican, demonizaci\u00f3n de periodistas,<strong>&nbsp;condena a @CFKArgentina<\/strong>, ataque permanente desde el Estado a las mujeres y a las disidencias\u00bb, enumer\u00f3 el gobernador.<\/p>\n\n\n\n<p>Tambi\u00e9n se\u00f1al\u00f3 que \u00abel plan econ\u00f3mico agudiza la desigualdad, multiplica las privaciones, aumenta el desempleo\u00bb, y todo eso en un escenario en el que el Gobierno \u00abdeserta de sus obligaciones,&nbsp;<strong>un presidente que avanza en el desenfreno autoritario<\/strong>, la econom\u00eda parada y la plata no alcanza\u00bb.<\/p>\n\n\n\n<p>\u00abSi Milei ganara tendr\u00e1 menos inhibiciones y obst\u00e1culos para ir por m\u00e1s, por m\u00e1s desempleo, por m\u00e1s odio y por m\u00e1s motosierra.<strong>&nbsp;A ese plan de la derecha tenemos que ponerle l\u00edmites firmes<\/strong>\u00ab, escribi\u00f3 Kicillof, renovando su convocatoria a \u00abcada compa\u00f1era y compa\u00f1ero, a cada sindicato, a los movimientos sociales, a cada intendente\u00bb para hacer frente a la situaci\u00f3n.<\/p>\n\n\n\n<p>\u00abFrente a la doctrina del &#8216;s\u00e1lvese quien pueda&#8217; que nos quieren imponer, la historia, y sobre todo el futuro, nos exigen una tarea:&nbsp;<strong>sumar fuerzas para frenar a Milei<\/strong>, sumar fuerzas para proteger al pueblo bonaerense (&#8230;) No estamos condenados a la pesadilla libertaria, hay otro camino y lo seguiremos construyendo\u00bb, concluy\u00f3 el mandatario provincial.<\/p>\n\n\n\n<p><\/p>\n","protected":false},"excerpt":{"rendered":"<p>El gobernador hizo un llamado ante la \u00aburgencia que supera cualquier diferencia o disputa\u00bb.Fue un d\u00eda despu\u00e9s del encuentro del peronismo bonaerense. Apenas un d\u00eda despu\u00e9s del\u00a0Congreso del peronismo bonaerense, y en sinton\u00eda con las se\u00f1ales que partieron de ese encuentro celebrado en Merlo, el gobernador\u00a0Axel Kicillof\u00a0admiti\u00f3 las \u00abmiradas distintas\u00bb que existen dentro del partido [&hellip;]<\/p>\n","protected":false},"author":7,"featured_media":15229,"comment_status":"open","ping_status":"open","sticky":false,"template":"","format":"standard","meta":{"_themeisle_gutenberg_block_has_review":false,"footnotes":""},"categories":[33],"tags":[85],"class_list":["post-15228","post","type-post","status-publish","format-standard","has-post-thumbnail","hentry","category-politica","tag-pais"],"_links":{"self":[{"href":"https:\/\/horapicodigital.com.ar\/index.php\/wp-json\/wp\/v2\/posts\/15228","targetHints":{"allow":["GET"]}}],"collection":[{"href":"https:\/\/horapicodigital.com.ar\/index.php\/wp-json\/wp\/v2\/posts"}],"about":[{"href":"https:\/\/horapicodigital.com.ar\/index.php\/wp-json\/wp\/v2\/types\/post"}],"author":[{"embeddable":true,"href":"https:\/\/horapicodigital.com.ar\/index.php\/wp-json\/wp\/v2\/users\/7"}],"replies":[{"embeddable":true,"href":"https:\/\/horapicodigital.com.ar\/index.php\/wp-json\/wp\/v2\/comments?post=15228"}],"version-history":[{"count":1,"href":"https:\/\/horapicodigital.com.ar\/index.php\/wp-json\/wp\/v2\/posts\/15228\/revisions"}],"predecessor-version":[{"id":15230,"href":"https:\/\/horapicodigital.com.ar\/index.php\/wp-json\/wp\/v2\/posts\/15228\/revisions\/15230"}],"wp:featuredmedia":[{"embeddable":true,"href":"https:\/\/horapicodigital.com.ar\/index.php\/wp-json\/wp\/v2\/media\/15229"}],"wp:attachment":[{"href":"https:\/\/horapicodigital.com.ar\/index.php\/wp-json\/wp\/v2\/media?parent=15228"}],"wp:term":[{"taxonomy":"category","embeddable":true,"href":"https:\/\/horapicodigital.com.ar\/index.php\/wp-json\/wp\/v2\/categories?post=15228"},{"taxonomy":"post_tag","embeddable":true,"href":"https:\/\/horapicodigital.com.ar\/index.php\/wp-json\/wp\/v2\/tags?post=15228"}],"curies":[{"name":"wp","href":"https:\/\/api.w.org\/{rel}","templated":true}]}}