{"id":15134,"date":"2025-07-01T10:46:20","date_gmt":"2025-07-01T13:46:20","guid":{"rendered":"https:\/\/horapicodigital.com.ar\/?p=15134"},"modified":"2025-07-01T10:46:26","modified_gmt":"2025-07-01T13:46:26","slug":"sadir-entrego-certificados-de-capacitacion-en-uocra","status":"publish","type":"post","link":"https:\/\/horapicodigital.com.ar\/index.php\/2025\/07\/01\/sadir-entrego-certificados-de-capacitacion-en-uocra\/","title":{"rendered":"Sadir entreg\u00f3 certificados de capacitaci\u00f3n en UOCRA"},"content":{"rendered":"\n<p>En un acto realizado en la sede de la Uni\u00f3n Obrera de la Construcci\u00f3n de la Rep\u00fablica Argentina (UOCRA), el gobernador de Jujuy, Carlos Sadir, entreg\u00f3 certificados de aprobaci\u00f3n del m\u00f3dulo \u00abInstalaciones domiciliarias de electricidad\u00bb, como parte de una iniciativa que busca promover la capacitaci\u00f3n y el trabajo digno en la provincia.<\/p>\n\n\n\n<p>\u00abEs fundamental que cada uno de los juje\u00f1os a trav\u00e9s de la educaci\u00f3n, la capacitaci\u00f3n y la formaci\u00f3n, pueda vivir mejor ejerciendo un trabajo digno en beneficio de toda la familia. Los felicito y los invito a seguir estudiando para abrir puertas a mejores oportunidades\u201d, se\u00f1al\u00f3 Sadir y remarc\u00f3 que \u201cen Jujuy hay obra p\u00fablica y privada en marcha, lo que significa m\u00e1s trabajo para nuestra gente\u00bb.<\/p>\n\n\n\n<p>Por su parte, el secretario general de la UOCRA Delegaci\u00f3n Jujuy, Ram\u00f3n Neyra, expres\u00f3 que \u201cagradecemos profundamente al se\u00f1or gobernador por su apoyo constante en estos actos que venimos realizando en toda la provincia. Este es el camino para que los compa\u00f1eros y compa\u00f1eras puedan adquirir conocimientos y llevar adelante su hogar con un trabajo digno\u00bb.<\/p>\n\n\n\n<p>Teniendo en cuenta que la capacitaci\u00f3n es clave en el desarrollo personal y en el mundo del trabajo, la Fundaci\u00f3n UOCRA, el gremio Seccional Jujuy y el Gobierno avanzan de manera conjunta en propuestas que brinden oportunidades formativas y de empleo, mejorando finalmente la calidad de vida de las familias en toda la provincia.<\/p>\n\n\n\n<p><\/p>\n","protected":false},"excerpt":{"rendered":"<p>En un acto realizado en la sede de la Uni\u00f3n Obrera de la Construcci\u00f3n de la Rep\u00fablica Argentina (UOCRA), el gobernador de Jujuy, Carlos Sadir, entreg\u00f3 certificados de aprobaci\u00f3n del m\u00f3dulo \u00abInstalaciones domiciliarias de electricidad\u00bb, como parte de una iniciativa que busca promover la capacitaci\u00f3n y el trabajo digno en la provincia. \u00abEs fundamental que [&hellip;]<\/p>\n","protected":false},"author":7,"featured_media":15135,"comment_status":"open","ping_status":"open","sticky":false,"template":"","format":"standard","meta":{"_themeisle_gutenberg_block_has_review":false,"footnotes":""},"categories":[1],"tags":[],"class_list":["post-15134","post","type-post","status-publish","format-standard","has-post-thumbnail","hentry","category-uncategorized"],"_links":{"self":[{"href":"https:\/\/horapicodigital.com.ar\/index.php\/wp-json\/wp\/v2\/posts\/15134","targetHints":{"allow":["GET"]}}],"collection":[{"href":"https:\/\/horapicodigital.com.ar\/index.php\/wp-json\/wp\/v2\/posts"}],"about":[{"href":"https:\/\/horapicodigital.com.ar\/index.php\/wp-json\/wp\/v2\/types\/post"}],"author":[{"embeddable":true,"href":"https:\/\/horapicodigital.com.ar\/index.php\/wp-json\/wp\/v2\/users\/7"}],"replies":[{"embeddable":true,"href":"https:\/\/horapicodigital.com.ar\/index.php\/wp-json\/wp\/v2\/comments?post=15134"}],"version-history":[{"count":1,"href":"https:\/\/horapicodigital.com.ar\/index.php\/wp-json\/wp\/v2\/posts\/15134\/revisions"}],"predecessor-version":[{"id":15136,"href":"https:\/\/horapicodigital.com.ar\/index.php\/wp-json\/wp\/v2\/posts\/15134\/revisions\/15136"}],"wp:featuredmedia":[{"embeddable":true,"href":"https:\/\/horapicodigital.com.ar\/index.php\/wp-json\/wp\/v2\/media\/15135"}],"wp:attachment":[{"href":"https:\/\/horapicodigital.com.ar\/index.php\/wp-json\/wp\/v2\/media?parent=15134"}],"wp:term":[{"taxonomy":"category","embeddable":true,"href":"https:\/\/horapicodigital.com.ar\/index.php\/wp-json\/wp\/v2\/categories?post=15134"},{"taxonomy":"post_tag","embeddable":true,"href":"https:\/\/horapicodigital.com.ar\/index.php\/wp-json\/wp\/v2\/tags?post=15134"}],"curies":[{"name":"wp","href":"https:\/\/api.w.org\/{rel}","templated":true}]}}