{"id":15077,"date":"2025-06-29T23:16:33","date_gmt":"2025-06-30T02:16:33","guid":{"rendered":"https:\/\/horapicodigital.com.ar\/?p=15077"},"modified":"2025-06-29T23:18:40","modified_gmt":"2025-06-30T02:18:40","slug":"beneficio-para-trabajadores-de-prensa","status":"publish","type":"post","link":"https:\/\/horapicodigital.com.ar\/index.php\/2025\/06\/29\/beneficio-para-trabajadores-de-prensa\/","title":{"rendered":"BENEFICIO PARA TRABAJADORES DE PRENSA"},"content":{"rendered":"\n<p><br>La&nbsp;Asociaci\u00f3n Juje\u00f1a de Trabajadores de Prensa, firm\u00f3 convenio con&nbsp;la red de farmacias&nbsp;Farmar&nbsp;para beneficiar al grupo familiar de los trabajadores de prensa de Jujuy&nbsp;que no cuenten con obra social&nbsp;ycon descuentos de hasta el 40 % en la compra de medicamentos, incluyendo otros productos que se comercializan en las&nbsp;sucursales de&nbsp;la empresa farmac\u00e9utica en la provincia.<\/p>\n\n\n\n<p>El acuerdo establece que los productos farmac\u00e9uticos que integran el&nbsp;vadem\u00e9cum&nbsp;Farmarcorrespondiente a \u201c<strong>g<\/strong><strong>en\u00e9ricos<\/strong>\u201d tendr\u00e1n un descuento del cuarenta (40%) por ciento sobre los precios de venta al p\u00fablico y los productos farmac\u00e9uticos que no figuran en el&nbsp;vadem\u00e9cum mencionado tendr\u00e1n un descuento del diez (10%) por ciento, sobre el precio de venta al&nbsp;p\u00fablico, &nbsp;publicados&nbsp;en el&nbsp;manual&nbsp;farmac\u00e9utico.<\/p>\n\n\n\n<p>Para acceder al beneficio de dichos descuentos, los pagos ser\u00e1n abonados exclusivamente de contado efectivo, transferencia, App \u201cMODO\u201d o con tarjeta de d\u00e9bito,&nbsp;y&nbsp;que&nbsp;el producto o especialidad farmac\u00e9utica no tenga precio de oferta ni&nbsp;tenga &nbsp;aplicado&nbsp;cualquier otro tipo de descuento, es decir obra&nbsp;social,&nbsp;bonificaci\u00f3n especial,&nbsp;precio&nbsp;promocional&nbsp;entre otros.&nbsp;Los&nbsp;descuentos no podr\u00e1n ser aplicados cuando el pago se realice con&nbsp;tarjeta de&nbsp;cr\u00e9dito.<\/p>\n\n\n\n<p>Los afiliados tambi\u00e9n podr\u00e1n acceder a las ofertas en art\u00edculos de limpieza, higiene personal, perfumer\u00eda en las condiciones fijadas por la Red y podr\u00e1n optar por los medios de pago que est\u00e1n previstos para estos casos.&nbsp;Para todos los casos, los beneficiarios deber\u00e1n identificarse como afiliado a AJUTPREN, con la presentaci\u00f3n del Documento Nacional de Identidad.<\/p>\n\n\n\n<figure class=\"wp-block-image size-large\"><img loading=\"lazy\" decoding=\"async\" width=\"1024\" height=\"508\" src=\"https:\/\/horapicodigital.com.ar\/wp-content\/uploads\/2025\/06\/1201c341-4cd3-47e6-9e21-0004736f1728-1024x508.jpeg\" alt=\"\" class=\"wp-image-15078\" srcset=\"https:\/\/horapicodigital.com.ar\/wp-content\/uploads\/2025\/06\/1201c341-4cd3-47e6-9e21-0004736f1728-1024x508.jpeg 1024w, https:\/\/horapicodigital.com.ar\/wp-content\/uploads\/2025\/06\/1201c341-4cd3-47e6-9e21-0004736f1728-300x149.jpeg 300w, https:\/\/horapicodigital.com.ar\/wp-content\/uploads\/2025\/06\/1201c341-4cd3-47e6-9e21-0004736f1728-768x381.jpeg 768w, https:\/\/horapicodigital.com.ar\/wp-content\/uploads\/2025\/06\/1201c341-4cd3-47e6-9e21-0004736f1728-1536x763.jpeg 1536w, https:\/\/horapicodigital.com.ar\/wp-content\/uploads\/2025\/06\/1201c341-4cd3-47e6-9e21-0004736f1728.jpeg 1599w\" sizes=\"auto, (max-width: 1024px) 100vw, 1024px\" \/><\/figure>\n\n\n\n<p><strong><\/strong>Julio Flores,&nbsp;titular de&nbsp;<strong>AJUTPREN<\/strong>&nbsp;detall\u00f3 que la red farmac\u00e9utica, cuenta con cuatro sucursales en el centro de&nbsp;San Salvador,&nbsp;una&nbsp;en&nbsp;Palpal\u00e1, Perico y San Pedro,&nbsp;y&nbsp;que&nbsp;Farmar&nbsp;tiene previsto habilitar &nbsp;centros de atenci\u00f3n con nuevas sucursales en Alto Comedero, Almirante Brown&nbsp;&nbsp;<\/p>\n\n\n\n<p>Para ello los afilados a la AJUTPREN deber\u00e1n&nbsp;reempadronarse, incluyendo los datos personales del grupo familiar, enviando la documentaci\u00f3n necesaria al email: jfloreserpujmail.com, o bien comunicarse al 3885176651, para mayor informaci\u00f3n.<\/p>\n","protected":false},"excerpt":{"rendered":"<p>La&nbsp;Asociaci\u00f3n Juje\u00f1a de Trabajadores de Prensa, firm\u00f3 convenio con&nbsp;la red de farmacias&nbsp;Farmar&nbsp;para beneficiar al grupo familiar de los trabajadores de prensa de Jujuy&nbsp;que no cuenten con obra social&nbsp;ycon descuentos de hasta el 40 % en la compra de medicamentos, incluyendo otros productos que se comercializan en las&nbsp;sucursales de&nbsp;la empresa farmac\u00e9utica en la provincia. El acuerdo [&hellip;]<\/p>\n","protected":false},"author":3,"featured_media":15081,"comment_status":"open","ping_status":"open","sticky":false,"template":"","format":"standard","meta":{"_themeisle_gutenberg_block_has_review":false,"footnotes":""},"categories":[32,11],"tags":[58,14],"class_list":["post-15077","post","type-post","status-publish","format-standard","has-post-thumbnail","hentry","category-locales","category-salud","tag-jujuy","tag-salud"],"_links":{"self":[{"href":"https:\/\/horapicodigital.com.ar\/index.php\/wp-json\/wp\/v2\/posts\/15077","targetHints":{"allow":["GET"]}}],"collection":[{"href":"https:\/\/horapicodigital.com.ar\/index.php\/wp-json\/wp\/v2\/posts"}],"about":[{"href":"https:\/\/horapicodigital.com.ar\/index.php\/wp-json\/wp\/v2\/types\/post"}],"author":[{"embeddable":true,"href":"https:\/\/horapicodigital.com.ar\/index.php\/wp-json\/wp\/v2\/users\/3"}],"replies":[{"embeddable":true,"href":"https:\/\/horapicodigital.com.ar\/index.php\/wp-json\/wp\/v2\/comments?post=15077"}],"version-history":[{"count":2,"href":"https:\/\/horapicodigital.com.ar\/index.php\/wp-json\/wp\/v2\/posts\/15077\/revisions"}],"predecessor-version":[{"id":15082,"href":"https:\/\/horapicodigital.com.ar\/index.php\/wp-json\/wp\/v2\/posts\/15077\/revisions\/15082"}],"wp:featuredmedia":[{"embeddable":true,"href":"https:\/\/horapicodigital.com.ar\/index.php\/wp-json\/wp\/v2\/media\/15081"}],"wp:attachment":[{"href":"https:\/\/horapicodigital.com.ar\/index.php\/wp-json\/wp\/v2\/media?parent=15077"}],"wp:term":[{"taxonomy":"category","embeddable":true,"href":"https:\/\/horapicodigital.com.ar\/index.php\/wp-json\/wp\/v2\/categories?post=15077"},{"taxonomy":"post_tag","embeddable":true,"href":"https:\/\/horapicodigital.com.ar\/index.php\/wp-json\/wp\/v2\/tags?post=15077"}],"curies":[{"name":"wp","href":"https:\/\/api.w.org\/{rel}","templated":true}]}}