{"id":15067,"date":"2025-06-28T08:47:07","date_gmt":"2025-06-28T11:47:07","guid":{"rendered":"https:\/\/horapicodigital.com.ar\/?p=15067"},"modified":"2025-06-28T08:47:13","modified_gmt":"2025-06-28T11:47:13","slug":"la-sube-sera-el-unico-medio-de-pago-para-el-transporte-de-colectivos-en-la-zona-de-los-valles","status":"publish","type":"post","link":"https:\/\/horapicodigital.com.ar\/index.php\/2025\/06\/28\/la-sube-sera-el-unico-medio-de-pago-para-el-transporte-de-colectivos-en-la-zona-de-los-valles\/","title":{"rendered":"La SUBE ser\u00e1 el \u00fanico medio de pago para el transporte de colectivos en la zona de los Valles"},"content":{"rendered":"\n<p>Desde el 14 de julio, en San Antonio, El Carmen, Monterrico, Perico, Pampa Blanca, Puesto Viejo, Aguas Calientes y La Mendieta, s\u00f3lo se pagar\u00e1 con tarjeta SUBE.<\/p>\n\n\n\n<p>La Secretar\u00eda de Transporte del Gobierno de Jujuy informa que tras cinco meses de implementado el Sistema \u00danico de Boleto Electr\u00f3nico (SUBE) en su ampliaci\u00f3n a la zona Valles, desde el 14 de julio los usuarios podr\u00e1n viajar utilizando solo la tarjeta SUBE, ya sea f\u00edsica o digital, como forma de pago.<\/p>\n\n\n\n<p>Miles de personas ya utilizan la tarjeta SUBE en las l\u00edneas hacia las localidades de San Antonio, El Carmen, Monterrico, Perico, Pampa Blanca, Puesto Viejo, Aguas Calientes y La Mendieta.<\/p>\n\n\n\n<p>En este sentido, el secretario de Transporte, Pablo Giachino, explic\u00f3 que \u201centendemos que ya es momento de dejar de lado el uso de efectivo para el pago del boleto, ya que genera problemas a los choferes al existir dos sistemas distintos funcionando al mismo tiempo\u201d.<\/p>\n\n\n\n<p>En lo que respecta al servicio de transporte a La Mendieta, el funcionario aclar\u00f3 que \u201cestamos trabajando sobre el tramo La Mendieta- San Pedro que atiende la empresa Tu Argentina para lograr la autorizaci\u00f3n desde la Secretar\u00eda de Transporte de Naci\u00f3n para implementar SUBE\u201d. En este sentido, aclar\u00f3 que \u201cla empresa San Jos\u00e9, que es la que hace el tramo San Salvador de Jujuy \u2013 La Mendieta, por Carahunco, va a ser la que va a tener SUBE exclusivamente\u201d.<\/p>\n\n\n\n<p>\u201cMientras la empresa Tu Argentina que atiende La Mendieta- San Pedro va a seguir trabajando con efectivo por ahora\u201d, detallo.<\/p>\n\n\n\n<p>Es de destacar que las municipalidades de las localidades de la regi\u00f3n Valles, incluidas en la ampliaci\u00f3n del sistema, cuentan con oficinas SUBE donde los usuarios podr\u00e1n realizar consultas como as\u00ed tambi\u00e9n tramitar la tarifa social para jubilados, trabajadores dom\u00e9sticos, beneficiarios de asignaciones universales, entre otros. En este punto el funcionario destac\u00f3 que \u201cpueden consultar en estos puntos dispuestos c\u00f3mo es el tr\u00e1mite para incorporarse y ser beneficiarios de la tarifa social con un descuento del 55% al utilizar la SUBE\u201d.<\/p>\n\n\n\n<p>La adquisici\u00f3n de la tarjeta SUBE puede hacerse de forma autogestionada, incluso a trav\u00e9s de la aplicaci\u00f3n m\u00f3vil con tarjeta digital como as\u00ed tambi\u00e9n obtenerla mediante la compra en puntos f\u00edsicos. Se recomienda a los usuarios obtener su tarjeta SUBE antes del 14 de julio.<\/p>\n\n\n<div class=\"wp-block-image\">\n<figure class=\"aligncenter size-full\"><img loading=\"lazy\" decoding=\"async\" width=\"585\" height=\"678\" src=\"https:\/\/horapicodigital.com.ar\/wp-content\/uploads\/2025\/06\/Screenshot-2025-06-28-084556.png\" alt=\"\" class=\"wp-image-15068\" srcset=\"https:\/\/horapicodigital.com.ar\/wp-content\/uploads\/2025\/06\/Screenshot-2025-06-28-084556.png 585w, https:\/\/horapicodigital.com.ar\/wp-content\/uploads\/2025\/06\/Screenshot-2025-06-28-084556-259x300.png 259w\" sizes=\"auto, (max-width: 585px) 100vw, 585px\" \/><\/figure>\n<\/div>","protected":false},"excerpt":{"rendered":"<p>Desde el 14 de julio, en San Antonio, El Carmen, Monterrico, Perico, Pampa Blanca, Puesto Viejo, Aguas Calientes y La Mendieta, s\u00f3lo se pagar\u00e1 con tarjeta SUBE. La Secretar\u00eda de Transporte del Gobierno de Jujuy informa que tras cinco meses de implementado el Sistema \u00danico de Boleto Electr\u00f3nico (SUBE) en su ampliaci\u00f3n a la zona [&hellip;]<\/p>\n","protected":false},"author":7,"featured_media":15069,"comment_status":"open","ping_status":"open","sticky":false,"template":"","format":"standard","meta":{"_themeisle_gutenberg_block_has_review":false,"footnotes":""},"categories":[81,118],"tags":[38,58],"class_list":["post-15067","post","type-post","status-publish","format-standard","has-post-thumbnail","hentry","category-general","category-sociedad","tag-economia","tag-jujuy"],"_links":{"self":[{"href":"https:\/\/horapicodigital.com.ar\/index.php\/wp-json\/wp\/v2\/posts\/15067","targetHints":{"allow":["GET"]}}],"collection":[{"href":"https:\/\/horapicodigital.com.ar\/index.php\/wp-json\/wp\/v2\/posts"}],"about":[{"href":"https:\/\/horapicodigital.com.ar\/index.php\/wp-json\/wp\/v2\/types\/post"}],"author":[{"embeddable":true,"href":"https:\/\/horapicodigital.com.ar\/index.php\/wp-json\/wp\/v2\/users\/7"}],"replies":[{"embeddable":true,"href":"https:\/\/horapicodigital.com.ar\/index.php\/wp-json\/wp\/v2\/comments?post=15067"}],"version-history":[{"count":1,"href":"https:\/\/horapicodigital.com.ar\/index.php\/wp-json\/wp\/v2\/posts\/15067\/revisions"}],"predecessor-version":[{"id":15070,"href":"https:\/\/horapicodigital.com.ar\/index.php\/wp-json\/wp\/v2\/posts\/15067\/revisions\/15070"}],"wp:featuredmedia":[{"embeddable":true,"href":"https:\/\/horapicodigital.com.ar\/index.php\/wp-json\/wp\/v2\/media\/15069"}],"wp:attachment":[{"href":"https:\/\/horapicodigital.com.ar\/index.php\/wp-json\/wp\/v2\/media?parent=15067"}],"wp:term":[{"taxonomy":"category","embeddable":true,"href":"https:\/\/horapicodigital.com.ar\/index.php\/wp-json\/wp\/v2\/categories?post=15067"},{"taxonomy":"post_tag","embeddable":true,"href":"https:\/\/horapicodigital.com.ar\/index.php\/wp-json\/wp\/v2\/tags?post=15067"}],"curies":[{"name":"wp","href":"https:\/\/api.w.org\/{rel}","templated":true}]}}