{"id":15058,"date":"2025-06-28T08:39:52","date_gmt":"2025-06-28T11:39:52","guid":{"rendered":"https:\/\/horapicodigital.com.ar\/?p=15058"},"modified":"2025-06-28T08:39:58","modified_gmt":"2025-06-28T11:39:58","slug":"jujuy-sede-de-reuniones-de-la-comision-arbitral-y-plenaria-del-convenio-multilateral","status":"publish","type":"post","link":"https:\/\/horapicodigital.com.ar\/index.php\/2025\/06\/28\/jujuy-sede-de-reuniones-de-la-comision-arbitral-y-plenaria-del-convenio-multilateral\/","title":{"rendered":"Jujuy sede de reuniones de la Comisi\u00f3n Arbitral y Plenaria del Convenio Multilateral"},"content":{"rendered":"\n<p>La provincia de Jujuy fue sede de las reuniones de la Comisi\u00f3n Arbitral y Plenaria, las cuales se llevaron a cabo en la ciudad capital los d\u00edas 11, 12 y 13 de junio.<\/p>\n\n\n\n<p>En esta oportunidad, con Jujuy como epicentro del evento y con la participaci\u00f3n de las 24 jurisdicciones del pa\u00eds, las sesiones del Comit\u00e9 se desarrollaron con gran \u00e9xito a lo largo de estos tres d\u00edas.<\/p>\n\n\n\n<p>Con un cronograma cargado de actividades, los asistentes formaron parte de reuniones de la Comisi\u00f3n Arbitral, Comisi\u00f3n Plenaria y Subcomisi\u00f3n de Normas. En estos encuentros se abordan temas relacionados a la armonizaci\u00f3n tributaria, revisi\u00f3n de normativas y cuestiones claves para el funcionamiento del sistema tributario interjurisdiccional. En esta oportunidad se presentaron las resoluciones emitidas por las jurisdicciones en relaci\u00f3n al nuevo sistema de recaudaci\u00f3n de percepciones; se trataron diversos recursos de alzada respecto de resoluciones adoptadas por la Comisi\u00f3n Arbitral. Por otra parte se hizo un repaso acerca del trabajo que viene realizando el organismo en materia de desarrollo tecnol\u00f3gico para agilizar y facilitar las tareas en las obligaciones tributarias de los contribuyentes.<\/p>\n\n\n\n<p>Este tipo de encuentros fortalece el federalismo fiscal y promueve una mayor armonizaci\u00f3n normativa entre provincias, lo cual resulta esencial para mejorar la eficiencia en la administraci\u00f3n financiera del pa\u00eds.<\/p>\n\n\n\n<p>El evento cont\u00f3 con la destacada presencia del ministro de Hacienda y Finanzas de la provincia, Federico Cardozo, y autoridades de la COMARB, encabezadas por su presidente, Luis Mar\u00eda Capellano, quien manifest\u00f3:&nbsp;<\/p>\n\n\n\n<p><em>\u201cEsto es una muestra m\u00e1s del fortalecimiento al federalismo fiscal, donde todas las jurisdicciones participan activamente en lo concerniente a la administraci\u00f3n y la aplicaci\u00f3n del convenio.\u201d<\/em>&nbsp;<\/p>\n\n\n\n<p>Asimismo, Capellano expres\u00f3 sus felicitaciones a la provincia de Jujuy por el estupendo recibimiento y el fraternal trato brindado a los representantes de cada jurisdicci\u00f3n.&nbsp;<\/p>\n\n\n\n<p>Por \u00faltimo, tambi\u00e9n se recalc\u00f3 el compromiso ambiental con el que se llev\u00f3 a cabo este encuentro y las medidas implementadas para minimizar el impacto ambiental que puede generarse en la organizaci\u00f3n de eventos de este tipo. El uso de pantallas LED y la incorporaci\u00f3n de un asistente virtual con inteligencia artificial para brindar informaci\u00f3n a los invitados fueron puntos destacados y considerados para ser replicados en futuras reuniones de esta Comisi\u00f3n.<\/p>\n","protected":false},"excerpt":{"rendered":"<p>La provincia de Jujuy fue sede de las reuniones de la Comisi\u00f3n Arbitral y Plenaria, las cuales se llevaron a cabo en la ciudad capital los d\u00edas 11, 12 y 13 de junio. En esta oportunidad, con Jujuy como epicentro del evento y con la participaci\u00f3n de las 24 jurisdicciones del pa\u00eds, las sesiones del [&hellip;]<\/p>\n","protected":false},"author":7,"featured_media":15059,"comment_status":"open","ping_status":"open","sticky":false,"template":"","format":"standard","meta":{"_themeisle_gutenberg_block_has_review":false,"footnotes":""},"categories":[81,118],"tags":[58],"class_list":["post-15058","post","type-post","status-publish","format-standard","has-post-thumbnail","hentry","category-general","category-sociedad","tag-jujuy"],"_links":{"self":[{"href":"https:\/\/horapicodigital.com.ar\/index.php\/wp-json\/wp\/v2\/posts\/15058","targetHints":{"allow":["GET"]}}],"collection":[{"href":"https:\/\/horapicodigital.com.ar\/index.php\/wp-json\/wp\/v2\/posts"}],"about":[{"href":"https:\/\/horapicodigital.com.ar\/index.php\/wp-json\/wp\/v2\/types\/post"}],"author":[{"embeddable":true,"href":"https:\/\/horapicodigital.com.ar\/index.php\/wp-json\/wp\/v2\/users\/7"}],"replies":[{"embeddable":true,"href":"https:\/\/horapicodigital.com.ar\/index.php\/wp-json\/wp\/v2\/comments?post=15058"}],"version-history":[{"count":1,"href":"https:\/\/horapicodigital.com.ar\/index.php\/wp-json\/wp\/v2\/posts\/15058\/revisions"}],"predecessor-version":[{"id":15060,"href":"https:\/\/horapicodigital.com.ar\/index.php\/wp-json\/wp\/v2\/posts\/15058\/revisions\/15060"}],"wp:featuredmedia":[{"embeddable":true,"href":"https:\/\/horapicodigital.com.ar\/index.php\/wp-json\/wp\/v2\/media\/15059"}],"wp:attachment":[{"href":"https:\/\/horapicodigital.com.ar\/index.php\/wp-json\/wp\/v2\/media?parent=15058"}],"wp:term":[{"taxonomy":"category","embeddable":true,"href":"https:\/\/horapicodigital.com.ar\/index.php\/wp-json\/wp\/v2\/categories?post=15058"},{"taxonomy":"post_tag","embeddable":true,"href":"https:\/\/horapicodigital.com.ar\/index.php\/wp-json\/wp\/v2\/tags?post=15058"}],"curies":[{"name":"wp","href":"https:\/\/api.w.org\/{rel}","templated":true}]}}