{"id":15055,"date":"2025-06-28T08:36:39","date_gmt":"2025-06-28T11:36:39","guid":{"rendered":"https:\/\/horapicodigital.com.ar\/?p=15055"},"modified":"2025-06-28T08:36:45","modified_gmt":"2025-06-28T11:36:45","slug":"se-confirmo-la-nomina-de-instituciones-habilitadas-para-la-formacion-docente-2025","status":"publish","type":"post","link":"https:\/\/horapicodigital.com.ar\/index.php\/2025\/06\/28\/se-confirmo-la-nomina-de-instituciones-habilitadas-para-la-formacion-docente-2025\/","title":{"rendered":"Se confirm\u00f3 la n\u00f3mina de instituciones habilitadas para la Formaci\u00f3n Docente 2025"},"content":{"rendered":"\n<p>Cada una de ellas cuenta con la correspondiente resoluci\u00f3n de habilitaci\u00f3n que avala su funcionamiento y car\u00e1cter de oferente.<\/p>\n\n\n\n<p>El Ministerio de Educaci\u00f3n de la Provincia de Jujuy, a trav\u00e9s de la Unidad de Formaci\u00f3n Continua de Instituciones Oferentes dependiente de la Secretar\u00eda de Planeamiento Estrat\u00e9gico, informa a la comunidad educativa la n\u00f3mina actualizada de las\u00a0<strong>Instituciones Privadas habilitadas para ofrecer propuestas de Formaci\u00f3n Continua en el a\u00f1o 2025<\/strong>.<\/p>\n\n\n\n<p>Las entidades que integran este listado cumplieron con los requisitos establecidos en la&nbsp;<strong>Resoluci\u00f3n 4642-E-24<\/strong>&nbsp;y cuentan con la correspondiente&nbsp;<strong>resoluci\u00f3n de habilitaci\u00f3n<\/strong>&nbsp;que avala su funcionamiento como Instituciones Privadas Oferentes de Formaci\u00f3n Continua, otorgada por el Ministerio de Educaci\u00f3n.<\/p>\n\n\n\n<p>A continuaci\u00f3n, se detallan las instituciones habilitadas y su respectiva resoluci\u00f3n:<\/p>\n\n\n\n<ul class=\"wp-block-list\">\n<li>Fundaci\u00f3n Generar un Espacio (RES N\u00b0 11340-E-18)<\/li>\n<\/ul>\n\n\n\n<ul class=\"wp-block-list\">\n<li>Asociaci\u00f3n Civil Docentes Proyectando El Futuro (RES N\u00ba 11126-E-18)<\/li>\n<\/ul>\n\n\n\n<ul class=\"wp-block-list\">\n<li>Fundaci\u00f3n Impuls@R Noa (RES N\u00b0 3023-E-21)<\/li>\n<\/ul>\n\n\n\n<ul class=\"wp-block-list\">\n<li>Asociaci\u00f3n Civil Anidando Sue\u00f1os (RES. N\u00ba 11324-E-18)<\/li>\n<\/ul>\n\n\n\n<ul class=\"wp-block-list\">\n<li>Fundaci\u00f3n Instituto de Cooperaci\u00f3n Tecnol\u00f3gica para el Desarrollo Sustentable \u2013 INCOTEDES (RES N\u00ba 1616-E-20)<\/li>\n<\/ul>\n\n\n\n<ul class=\"wp-block-list\">\n<li>Asociaci\u00f3n Civil Agente de Cambio (RES. N\u00b0 5524-E-23)<\/li>\n<\/ul>\n\n\n\n<ul class=\"wp-block-list\">\n<li>Asociaci\u00f3n Mutual de Profesores de F\u00edsica y Qu\u00edmica (A.Mu.P.F.Y Q.) (RES N\u00ba 5695-E-23)<\/li>\n<\/ul>\n\n\n\n<ul class=\"wp-block-list\">\n<li>Asociaci\u00f3n Civil Arete (Excelencia Interior) (RES N\u00b0 2158-E-24)<\/li>\n<\/ul>\n\n\n\n<ul class=\"wp-block-list\">\n<li>Instituto de Capacitaci\u00f3n Educacional y Empresarial S.A.S. (RES N\u00ba 1375-E-24)<\/li>\n<\/ul>\n\n\n\n<ul class=\"wp-block-list\">\n<li>Fundaci\u00f3n para la Formaci\u00f3n Integral \u201cAbriendo Puertas al Futuro\u201d (RES N\u00ba 2192-E-24)<\/li>\n<\/ul>\n\n\n\n<ul class=\"wp-block-list\">\n<li>Fundaci\u00f3n Educativa Didasko-Ayudar a Alguien a Crecer (RES N\u00ba 2172-E-24)<\/li>\n<\/ul>\n\n\n\n<ul class=\"wp-block-list\">\n<li>Fundaci\u00f3n Encontronazo (RES N\u00ba 2256-E-24)<\/li>\n<\/ul>\n\n\n\n<ul class=\"wp-block-list\">\n<li>Centro de Docentes de Ense\u00f1anza Media y Superior (Ce.D.E.M.S.) (RES N\u00b0 2556-E-24)<\/li>\n<\/ul>\n\n\n\n<ul class=\"wp-block-list\">\n<li>Asociaci\u00f3n Juje\u00f1a de Profesores de Ingl\u00e9s (RES. N\u00b0 4712-E-25)<\/li>\n<\/ul>\n\n\n\n<ul class=\"wp-block-list\">\n<li>Colegio de Profesionales de Educaci\u00f3n F\u00edsica (RES. N\u00b0 5618-E-25)<\/li>\n<\/ul>\n\n\n\n<ul class=\"wp-block-list\">\n<li>Fundaci\u00f3n Portal de las Yungas (RES. N\u00b0 5195-E-25)<\/li>\n<\/ul>\n","protected":false},"excerpt":{"rendered":"<p>Cada una de ellas cuenta con la correspondiente resoluci\u00f3n de habilitaci\u00f3n que avala su funcionamiento y car\u00e1cter de oferente. El Ministerio de Educaci\u00f3n de la Provincia de Jujuy, a trav\u00e9s de la Unidad de Formaci\u00f3n Continua de Instituciones Oferentes dependiente de la Secretar\u00eda de Planeamiento Estrat\u00e9gico, informa a la comunidad educativa la n\u00f3mina actualizada de [&hellip;]<\/p>\n","protected":false},"author":7,"featured_media":15056,"comment_status":"open","ping_status":"open","sticky":false,"template":"","format":"standard","meta":{"_themeisle_gutenberg_block_has_review":false,"footnotes":""},"categories":[248],"tags":[58,85],"class_list":["post-15055","post","type-post","status-publish","format-standard","has-post-thumbnail","hentry","category-educacion","tag-jujuy","tag-pais"],"_links":{"self":[{"href":"https:\/\/horapicodigital.com.ar\/index.php\/wp-json\/wp\/v2\/posts\/15055","targetHints":{"allow":["GET"]}}],"collection":[{"href":"https:\/\/horapicodigital.com.ar\/index.php\/wp-json\/wp\/v2\/posts"}],"about":[{"href":"https:\/\/horapicodigital.com.ar\/index.php\/wp-json\/wp\/v2\/types\/post"}],"author":[{"embeddable":true,"href":"https:\/\/horapicodigital.com.ar\/index.php\/wp-json\/wp\/v2\/users\/7"}],"replies":[{"embeddable":true,"href":"https:\/\/horapicodigital.com.ar\/index.php\/wp-json\/wp\/v2\/comments?post=15055"}],"version-history":[{"count":1,"href":"https:\/\/horapicodigital.com.ar\/index.php\/wp-json\/wp\/v2\/posts\/15055\/revisions"}],"predecessor-version":[{"id":15057,"href":"https:\/\/horapicodigital.com.ar\/index.php\/wp-json\/wp\/v2\/posts\/15055\/revisions\/15057"}],"wp:featuredmedia":[{"embeddable":true,"href":"https:\/\/horapicodigital.com.ar\/index.php\/wp-json\/wp\/v2\/media\/15056"}],"wp:attachment":[{"href":"https:\/\/horapicodigital.com.ar\/index.php\/wp-json\/wp\/v2\/media?parent=15055"}],"wp:term":[{"taxonomy":"category","embeddable":true,"href":"https:\/\/horapicodigital.com.ar\/index.php\/wp-json\/wp\/v2\/categories?post=15055"},{"taxonomy":"post_tag","embeddable":true,"href":"https:\/\/horapicodigital.com.ar\/index.php\/wp-json\/wp\/v2\/tags?post=15055"}],"curies":[{"name":"wp","href":"https:\/\/api.w.org\/{rel}","templated":true}]}}