{"id":15026,"date":"2025-06-27T06:46:10","date_gmt":"2025-06-27T09:46:10","guid":{"rendered":"https:\/\/horapicodigital.com.ar\/?p=15026"},"modified":"2025-06-27T06:46:15","modified_gmt":"2025-06-27T09:46:15","slug":"preocupacion-por-el-descenso-progresivo-de-las-coberturas-de-vacunacion","status":"publish","type":"post","link":"https:\/\/horapicodigital.com.ar\/index.php\/2025\/06\/27\/preocupacion-por-el-descenso-progresivo-de-las-coberturas-de-vacunacion\/","title":{"rendered":"Preocupaci\u00f3n por el descenso progresivo de las coberturas de vacunaci\u00f3n"},"content":{"rendered":"\n<p>Los\u00a0<strong>ministros de salud de las provincias<\/strong>\u00a0se mostraron preocupados por el\u00a0<strong>descenso de las coberturas de vacunaci\u00f3n.<\/strong><\/p>\n\n\n\n<p>Encabezado por\u00a0<strong>el ministro de Salud de la Naci\u00f3n, Mario Lugones<\/strong>\u00a0y los ministros de cada provincia, se reuni\u00f3 el\u00a0<strong>Consejo Federal de Salud(COFESA)<\/strong>. Los titulares de las carteras sanitarias mostraron su\u00a0<strong>preocupaci\u00f3n por el descenso progresivo de las coberturas de\u00a0vacunaci\u00f3n.<\/strong><\/p>\n\n\n\n<p>Jujuy estuvo presente en el nuevo encuentro con referentes sanitarios de todo el pa\u00eds. Tras el an\u00e1lisis de la situaci\u00f3n en cada distrito frente a la\u00a0<strong>vacunaci\u00f3n ante el sarampi\u00f3n y el virus sincicial respiratorio (VSR)<\/strong>, los referentes de Salud de todo el pa\u00eds\u00a0<strong>elaboraron un comunicado conjunto<\/strong>.<\/p>\n\n\n\n<p>En el escrito mostraron su alarma por el descenso de las coberturas de vacunaci\u00f3n, e&nbsp;<strong>hicieron un llamado urgente a toda la poblaci\u00f3n para que se acerquen a los vacunatorios<\/strong>, destacando que vacunarse es un compromiso y una de las acciones m\u00e1s efectivas para cuidar la salud de toda la comunidad.<\/p>\n\n\n\n<h2 class=\"wp-block-heading\">La vacunaci\u00f3n en Argentina<\/h2>\n\n\n\n<p><strong>\u201cSe presentaron los nuevos tableros para el seguimiento de la\u00a0estrategia de vacunaci\u00f3n focalizada contra el sarampi\u00f3n<\/strong>\u00a0y de la situaci\u00f3n epidemiol\u00f3gica de los virus respiratorios\u201d, dijo el\u00a0<strong>secretario de Salud de Jujuy, Jorge Camacho.<\/strong><\/p>\n\n\n\n<p>Destac\u00f3 que tambi\u00e9n \u201c<strong>se analizaron los \u00edndices de vacunaci\u00f3n que deben seguir reforz\u00e1ndose en todo el territorio<\/strong>&nbsp;y se destac\u00f3 la importancia de sostener las coberturas de todas las vacunas de calendario\u201d, explic\u00f3 el funcionario provincial.<\/p>\n\n\n\n<p>Respecto a los nuevos tableros desarrollados para el seguimiento de sarampi\u00f3n y virus respiratorios, las autoridades de Naci\u00f3n explicaron que permitir\u00e1n seguir avanzando en la toma de decisiones oportunas e inteligentes y profundizar el an\u00e1lisis de los resultados alcanzados para realizar inversiones de manera eficiente en la compra de vacunas.<\/p>\n\n\n\n<h2 class=\"wp-block-heading\">Otros temas en COFESA<\/h2>\n\n\n\n<p>Desde Asuntos Jur\u00eddicos de la Superintendencia de Servicios de Salud, se&nbsp;<strong>present\u00f3 el nuevo Procedimiento de Mediaci\u00f3n Prejudicial en Materia de Salud (PROMESA)<\/strong>&nbsp;que funcionar\u00e1 en la \u00f3rbita del Ministerio de Justicia de la Naci\u00f3n.<\/p>\n\n\n\n<p>Fue creada mediante decreto de necesidad y urgencia, para&nbsp;<strong>ofrecer a los ciudadanos una v\u00eda m\u00e1s expeditiva y menos costosa de resolver conflictos vinculados al acceso a prestaciones de salud<\/strong>, con el objetivo de descongestionar el sistema judicial y garantizar a los ciudadanos el acceso m\u00e1s oportuno y efectivo a las prestaciones sanitarias.<\/p>\n\n\n\n<p>Convocaron a las jurisdicciones a crear procedimientos similares en todo el territorio nacional, mientras la Secretar\u00eda de Pol\u00edticas Integrales sobre Drogas (SEDRONAR), comparti\u00f3 el proyecto de elevar los est\u00e1ndares de calidad en establecimientos de Atenci\u00f3n Primaria de la Salud para el abordaje de consumos problem\u00e1ticos, articulando con Naci\u00f3n desde un sistema integrado en el cual las personas usuarias puedan trasladarse seg\u00fan las necesidades, sabiendo que en cada instituci\u00f3n sabr\u00e1n qui\u00e9nes son y qu\u00e9 tratamiento vienen realizando.<\/p>\n","protected":false},"excerpt":{"rendered":"<p>Los\u00a0ministros de salud de las provincias\u00a0se mostraron preocupados por el\u00a0descenso de las coberturas de vacunaci\u00f3n. Encabezado por\u00a0el ministro de Salud de la Naci\u00f3n, Mario Lugones\u00a0y los ministros de cada provincia, se reuni\u00f3 el\u00a0Consejo Federal de Salud(COFESA). Los titulares de las carteras sanitarias mostraron su\u00a0preocupaci\u00f3n por el descenso progresivo de las coberturas de\u00a0vacunaci\u00f3n. Jujuy estuvo presente [&hellip;]<\/p>\n","protected":false},"author":7,"featured_media":15027,"comment_status":"open","ping_status":"open","sticky":false,"template":"","format":"standard","meta":{"_themeisle_gutenberg_block_has_review":false,"footnotes":""},"categories":[11],"tags":[58],"class_list":["post-15026","post","type-post","status-publish","format-standard","has-post-thumbnail","hentry","category-salud","tag-jujuy"],"_links":{"self":[{"href":"https:\/\/horapicodigital.com.ar\/index.php\/wp-json\/wp\/v2\/posts\/15026","targetHints":{"allow":["GET"]}}],"collection":[{"href":"https:\/\/horapicodigital.com.ar\/index.php\/wp-json\/wp\/v2\/posts"}],"about":[{"href":"https:\/\/horapicodigital.com.ar\/index.php\/wp-json\/wp\/v2\/types\/post"}],"author":[{"embeddable":true,"href":"https:\/\/horapicodigital.com.ar\/index.php\/wp-json\/wp\/v2\/users\/7"}],"replies":[{"embeddable":true,"href":"https:\/\/horapicodigital.com.ar\/index.php\/wp-json\/wp\/v2\/comments?post=15026"}],"version-history":[{"count":1,"href":"https:\/\/horapicodigital.com.ar\/index.php\/wp-json\/wp\/v2\/posts\/15026\/revisions"}],"predecessor-version":[{"id":15028,"href":"https:\/\/horapicodigital.com.ar\/index.php\/wp-json\/wp\/v2\/posts\/15026\/revisions\/15028"}],"wp:featuredmedia":[{"embeddable":true,"href":"https:\/\/horapicodigital.com.ar\/index.php\/wp-json\/wp\/v2\/media\/15027"}],"wp:attachment":[{"href":"https:\/\/horapicodigital.com.ar\/index.php\/wp-json\/wp\/v2\/media?parent=15026"}],"wp:term":[{"taxonomy":"category","embeddable":true,"href":"https:\/\/horapicodigital.com.ar\/index.php\/wp-json\/wp\/v2\/categories?post=15026"},{"taxonomy":"post_tag","embeddable":true,"href":"https:\/\/horapicodigital.com.ar\/index.php\/wp-json\/wp\/v2\/tags?post=15026"}],"curies":[{"name":"wp","href":"https:\/\/api.w.org\/{rel}","templated":true}]}}