{"id":15021,"date":"2025-06-26T09:45:10","date_gmt":"2025-06-26T12:45:10","guid":{"rendered":"https:\/\/horapicodigital.com.ar\/?p=15021"},"modified":"2025-06-26T09:45:16","modified_gmt":"2025-06-26T12:45:16","slug":"vecinos-de-sargento-cabral-denunciaron-que-les-cortan-antes-el-servicio-urbano-de-pasajeros","status":"publish","type":"post","link":"https:\/\/horapicodigital.com.ar\/index.php\/2025\/06\/26\/vecinos-de-sargento-cabral-denunciaron-que-les-cortan-antes-el-servicio-urbano-de-pasajeros\/","title":{"rendered":"VECINOS DE SARGENTO CABRAL DENUNCIARON QUE LES CORTAN ANTES EL SERVICIO URBANO DE PASAJEROS"},"content":{"rendered":"\n<p>Recientemente, registraron ca\u00edda de nieve y formaci\u00f3n de hielo, lo que llev\u00f3 a cerrar el paso fronterizo \u2013especialmente del lado chileno\u2013 para veh\u00edculos en ambos sentidos.<br>La nieve comenz\u00f3 a caer desde las 16;30 horas de este mi\u00e9rcoles, y aparentemente va seguir cerrado el paso por cuestiones climatol\u00f3gicas hasta que se conozca un nuevo parte.<br>A esa hora se report\u00f3 nieve acumulada en la calzada, junto con hielo, lo que hace riesgoso el tr\u00e1nsito.<br>Por lo que se sugiere no viajar por ahora aunque si ya est\u00e1n en camino, deber\u00e1n obedecer las indicaciones del personal destacado en la zona.<\/p>\n\n\n\n<p>Esto viene sucediendo reiteradamente desde hace bastante tiempo y piden a la Direcci\u00f3n de Tr\u00e1nsito y Transporte dependiente de la Secretar\u00eda de Servicios P\u00fablicos de la Municipalidad de San Salvador de Jujuy tome urgente carta en el asunto.<br>Denunciaron que por decisi\u00f3n de la empresa prestataria del servicio de pasajeros y que circula por el barrio muchas veces los dejan sin poder contar con el servicio especialmente en las primeras y \u00faltimas horas, perjudic\u00e1ndolos para por viajar ya sea hacia el barrio o desde Sargento Cabral.<br>A esto se suma que la aplicaci\u00f3n conocida como Moovit tampoco funciona bien y esto pasa porque cuando un vecino quiere viajar de acuerdo a lo que indica la aplicaci\u00f3n o no cumple con el horario el colectivo o no indica bien esta aplicaci\u00f3n.<br>Pero lo m\u00e1s lamentable es que la empresa prestataria del servicio que es Xibi-Xibi concesionaria de la l\u00ednea 40 en la noche generalmente corta el servicio antes del horario establecido y se ven perjudicados trabajadores que salen de cumplir sus tareas, los estudiantes tanto del nivel secundario, terciario y universitario quienes muchas veces tiene que salir antes del horario de finalizaci\u00f3n de clases para evitar quedarse a pie.<br>Se\u00f1alaron que el servicio lo cortan mucho m\u00e1s antes del horario habitual y que a trav\u00e9s de la aplicaci\u00f3n se puede observar que son guardados en los talleres de la empresa, perjudic\u00e1ndolos de sobre manera. Dijeron que muchos no tienen plata suficiente para pagarse un remis y que deben recurrir a colectivos que lo dejan sobre Ruta Nacional 9 y de all\u00ed deben caminar hasta 20 o m\u00e1s cuadras para llegar a sus domicilios y en muchos casos esto les representan un peligro y en especial para las mujeres caminar solas hasta a esas horas de la noche.<br>Por lo que piden a la Municipalidad tome las medidas urgentes del caso o que ponga otro servicio m\u00e1s y que no se corte a las 11 horas de noche.<br>En San Salvador de Jujuy, los colectivos urbanos generalmente operan hasta alrededor de las 00:00 (medianoche) los d\u00edas de semana, con algunas l\u00edneas extendiendo su servicio hasta alrededor de las 00:10 o 00:40 en ciertos d\u00edas como viernes o s\u00e1bado. Los horarios pueden variar ligeramente seg\u00fan la l\u00ednea espec\u00edfica y el d\u00eda de la semana. Por ejemplo, algunas l\u00edneas suelen operar hasta alrededor de la medianoche, con algunas variantes en la frecuencia. Los usuarios para obtener informaci\u00f3n m\u00e1s precisa sobre los horarios de una l\u00ednea espec\u00edfica consultan la aplicaci\u00f3n Moovit o el sitio web de la Municipalidad de San Salvador de Jujuy, donde se pueden encontrar los horarios detallados de cada l\u00ednea.<\/p>\n","protected":false},"excerpt":{"rendered":"<p>Recientemente, registraron ca\u00edda de nieve y formaci\u00f3n de hielo, lo que llev\u00f3 a cerrar el paso fronterizo \u2013especialmente del lado chileno\u2013 para veh\u00edculos en ambos sentidos.La nieve comenz\u00f3 a caer desde las 16;30 horas de este mi\u00e9rcoles, y aparentemente va seguir cerrado el paso por cuestiones climatol\u00f3gicas hasta que se conozca un nuevo parte.A esa [&hellip;]<\/p>\n","protected":false},"author":7,"featured_media":15022,"comment_status":"open","ping_status":"open","sticky":false,"template":"","format":"standard","meta":{"_themeisle_gutenberg_block_has_review":false,"footnotes":""},"categories":[81,118],"tags":[58],"class_list":["post-15021","post","type-post","status-publish","format-standard","has-post-thumbnail","hentry","category-general","category-sociedad","tag-jujuy"],"_links":{"self":[{"href":"https:\/\/horapicodigital.com.ar\/index.php\/wp-json\/wp\/v2\/posts\/15021","targetHints":{"allow":["GET"]}}],"collection":[{"href":"https:\/\/horapicodigital.com.ar\/index.php\/wp-json\/wp\/v2\/posts"}],"about":[{"href":"https:\/\/horapicodigital.com.ar\/index.php\/wp-json\/wp\/v2\/types\/post"}],"author":[{"embeddable":true,"href":"https:\/\/horapicodigital.com.ar\/index.php\/wp-json\/wp\/v2\/users\/7"}],"replies":[{"embeddable":true,"href":"https:\/\/horapicodigital.com.ar\/index.php\/wp-json\/wp\/v2\/comments?post=15021"}],"version-history":[{"count":1,"href":"https:\/\/horapicodigital.com.ar\/index.php\/wp-json\/wp\/v2\/posts\/15021\/revisions"}],"predecessor-version":[{"id":15023,"href":"https:\/\/horapicodigital.com.ar\/index.php\/wp-json\/wp\/v2\/posts\/15021\/revisions\/15023"}],"wp:featuredmedia":[{"embeddable":true,"href":"https:\/\/horapicodigital.com.ar\/index.php\/wp-json\/wp\/v2\/media\/15022"}],"wp:attachment":[{"href":"https:\/\/horapicodigital.com.ar\/index.php\/wp-json\/wp\/v2\/media?parent=15021"}],"wp:term":[{"taxonomy":"category","embeddable":true,"href":"https:\/\/horapicodigital.com.ar\/index.php\/wp-json\/wp\/v2\/categories?post=15021"},{"taxonomy":"post_tag","embeddable":true,"href":"https:\/\/horapicodigital.com.ar\/index.php\/wp-json\/wp\/v2\/tags?post=15021"}],"curies":[{"name":"wp","href":"https:\/\/api.w.org\/{rel}","templated":true}]}}