{"id":14731,"date":"2025-06-14T09:05:00","date_gmt":"2025-06-14T12:05:00","guid":{"rendered":"https:\/\/horapicodigital.com.ar\/?p=14731"},"modified":"2025-06-14T09:05:01","modified_gmt":"2025-06-14T12:05:01","slug":"escuelas-de-la-modalidad-de-educacion-especial-se-integran-al-sistema-sinide-sge","status":"publish","type":"post","link":"https:\/\/horapicodigital.com.ar\/index.php\/2025\/06\/14\/escuelas-de-la-modalidad-de-educacion-especial-se-integran-al-sistema-sinide-sge\/","title":{"rendered":"Escuelas de la Modalidad de Educaci\u00f3n Especial se integran al sistema SINIDE-SGE"},"content":{"rendered":"\n<p>El Ministerio de Educaci\u00f3n de Jujuy, a trav\u00e9s del \u00e1rea de Sistemas de Informaci\u00f3n de la Direcci\u00f3n de Planeamiento, Informaci\u00f3n y Evaluaci\u00f3n Educativa, llev\u00f3 adelante un hecho hist\u00f3rico para el sistema educativo provincial: por primera vez se realiz\u00f3 una capacitaci\u00f3n destinada a directivos y responsables de carga del sistema SINIDE-SGE de las Escuelas de Configuraci\u00f3n de Apoyo de la Modalidad de Educaci\u00f3n Especial, con el objetivo de acompa\u00f1ar a las instituciones en el inicio del proceso de nominalizaci\u00f3n de la matr\u00edcula.<\/p>\n\n\n\n<p>Este primer encuentro constituye un avance clave para el sistema educativo juje\u00f1o, ya que significa la inclusi\u00f3n formal de la Modalidad de Educaci\u00f3n Especial en el Sistema de Gesti\u00f3n Escolar. Durante la jornada, participaron 16 instituciones que valoraron la experiencia como un paso significativo en materia de inclusi\u00f3n y visibilidad de las trayectorias escolares de sus estudiantes.<\/p>\n\n\n\n<p>Desde el \u00e1rea de Sistemas de Informaci\u00f3n se remarc\u00f3 que este es el puntapi\u00e9 inicial de un proceso escalonado, que permitir\u00e1 integrar progresivamente a toda la modalidad de Educaci\u00f3n Especial en el sistema. \u201cVamos a ir paso a paso, con compromiso y responsabilidad, hacia una gesti\u00f3n integral y equitativa de toda la matr\u00edcula escolar\u201d, expres\u00f3 la referente del \u00e1rea, Blanca Soto.<\/p>\n\n\n\n<p>Durante la jornada tambi\u00e9n acompa\u00f1\u00f3 Luciana Menacho, responsable de la Modalidad de Educaci\u00f3n Especial, quien brind\u00f3 respuestas clave a las inquietudes de las directoras presentes. \u201cPara nosotros como modalidad, esto es hist\u00f3rico. Tener hoy la posibilidad de realizar la carga nos abre una infinidad de oportunidades: registrar, validar y visibilizar las trayectorias de nuestros estudiantes es un paso fundamental hacia una verdadera inclusi\u00f3n\u201d, afirm\u00f3 Menacho.<\/p>\n\n\n\n<p>Las directoras participantes compartieron su entusiasmo al encontrarse por primera vez frente a un sistema que reconoce sus realidades institucionales. \u201cSe sintieron contenidas, acompa\u00f1adas, y vieron en el sistema una herramienta poderosa para visibilizar y acompa\u00f1ar a sus estudiantes\u201d, destac\u00f3 la referente del \u00e1rea.&nbsp;<\/p>\n\n\n\n<p>Este proceso tambi\u00e9n responde a un requerimiento de Naci\u00f3n, que solicit\u00f3 a todas las jurisdicciones la incorporaci\u00f3n de todas las modalidades educativas. En este sentido, Jujuy da una respuesta concreta a ese requerimiento, y avanza hacia un registro nominal unificado que contemple la diversidad del sistema educativo juje\u00f1o.&nbsp;<\/p>\n\n\n\n<p>Este fue el primer encuentro de muchos que se desarrollar\u00e1n hasta lograr la incorporaci\u00f3n plena de todas las escuelas especiales al sistema. El objetivo inicial es alcanzar la nominalizaci\u00f3n de todos los estudiantes, para luego avanzar progresivamente en otros componentes como asistencia y calificaciones.<\/p>\n\n\n\n<p><\/p>\n","protected":false},"excerpt":{"rendered":"<p>El Ministerio de Educaci\u00f3n de Jujuy, a trav\u00e9s del \u00e1rea de Sistemas de Informaci\u00f3n de la Direcci\u00f3n de Planeamiento, Informaci\u00f3n y Evaluaci\u00f3n Educativa, llev\u00f3 adelante un hecho hist\u00f3rico para el sistema educativo provincial: por primera vez se realiz\u00f3 una capacitaci\u00f3n destinada a directivos y responsables de carga del sistema SINIDE-SGE de las Escuelas de Configuraci\u00f3n [&hellip;]<\/p>\n","protected":false},"author":7,"featured_media":14732,"comment_status":"open","ping_status":"open","sticky":false,"template":"","format":"standard","meta":{"_themeisle_gutenberg_block_has_review":false,"footnotes":""},"categories":[248],"tags":[58],"class_list":["post-14731","post","type-post","status-publish","format-standard","has-post-thumbnail","hentry","category-educacion","tag-jujuy"],"_links":{"self":[{"href":"https:\/\/horapicodigital.com.ar\/index.php\/wp-json\/wp\/v2\/posts\/14731","targetHints":{"allow":["GET"]}}],"collection":[{"href":"https:\/\/horapicodigital.com.ar\/index.php\/wp-json\/wp\/v2\/posts"}],"about":[{"href":"https:\/\/horapicodigital.com.ar\/index.php\/wp-json\/wp\/v2\/types\/post"}],"author":[{"embeddable":true,"href":"https:\/\/horapicodigital.com.ar\/index.php\/wp-json\/wp\/v2\/users\/7"}],"replies":[{"embeddable":true,"href":"https:\/\/horapicodigital.com.ar\/index.php\/wp-json\/wp\/v2\/comments?post=14731"}],"version-history":[{"count":1,"href":"https:\/\/horapicodigital.com.ar\/index.php\/wp-json\/wp\/v2\/posts\/14731\/revisions"}],"predecessor-version":[{"id":14733,"href":"https:\/\/horapicodigital.com.ar\/index.php\/wp-json\/wp\/v2\/posts\/14731\/revisions\/14733"}],"wp:featuredmedia":[{"embeddable":true,"href":"https:\/\/horapicodigital.com.ar\/index.php\/wp-json\/wp\/v2\/media\/14732"}],"wp:attachment":[{"href":"https:\/\/horapicodigital.com.ar\/index.php\/wp-json\/wp\/v2\/media?parent=14731"}],"wp:term":[{"taxonomy":"category","embeddable":true,"href":"https:\/\/horapicodigital.com.ar\/index.php\/wp-json\/wp\/v2\/categories?post=14731"},{"taxonomy":"post_tag","embeddable":true,"href":"https:\/\/horapicodigital.com.ar\/index.php\/wp-json\/wp\/v2\/tags?post=14731"}],"curies":[{"name":"wp","href":"https:\/\/api.w.org\/{rel}","templated":true}]}}