{"id":14637,"date":"2025-06-10T06:59:28","date_gmt":"2025-06-10T09:59:28","guid":{"rendered":"https:\/\/horapicodigital.com.ar\/?p=14637"},"modified":"2025-06-10T06:59:28","modified_gmt":"2025-06-10T09:59:28","slug":"estudiantes-del-colegio-santa-teresita-y-nuestra-senora-del-huerto-se-comprometieron-con-el-cuidado-del-ambiente","status":"publish","type":"post","link":"https:\/\/horapicodigital.com.ar\/index.php\/2025\/06\/10\/estudiantes-del-colegio-santa-teresita-y-nuestra-senora-del-huerto-se-comprometieron-con-el-cuidado-del-ambiente\/","title":{"rendered":"Estudiantes del Colegio Santa Teresita y Nuestra Se\u00f1ora del Huerto se comprometieron con el cuidado del Ambiente"},"content":{"rendered":"\n<p>M\u00e1s de 200 estudiamos de ambos establecimientos educativos, asumieron el compromiso establecido por la Ley N\u00b0 6316.<\/p>\n\n\n\n<p>En el marco de la agenda conmemorativa del Mes Mundial del Ambiente, la Ministra de Ambiente y Cambio Clim\u00e1tico de Jujuy, Mar\u00eda In\u00e9s Zigar\u00e1n, encabez\u00f3 junto a la Asesora Pedag\u00f3gica del Ministerio de Educaci\u00f3n, Alejandra Macagno, el Secretario de Pol\u00edticas Socioeducativas Julio Alarc\u00f3n, y la Diputada Provincial Valeria G\u00f3mez, los actos a trav\u00e9s de los cuales estudiantes de s\u00e9ptimo grado del Colegio Santa Teresita y Nuestra Se\u00f1ora del Huerto asumieron el Compromiso de Cuidado y Protecci\u00f3n del Ambiente.<\/p>\n\n\n\n<p>La ceremonia se realiz\u00f3 en cumplimiento de la Resoluci\u00f3n N\u00b0 5641\/2023, firmada conjuntamente por los Ministerios de Ambiente y de Educaci\u00f3n, que establece que cada 5 de junio \u2013o el d\u00eda h\u00e1bil siguiente\u2013 los alumnos del \u00faltimo a\u00f1o del nivel primario de todos los establecimientos educativos de la provincia deben realizar un compromiso ambiental p\u00fablico. Esta acci\u00f3n busca consolidar valores de sostenibilidad, respeto y protecci\u00f3n del entorno desde las infancias en Jujuy.<\/p>\n\n\n\n<p>Durante las ceremonias, una realizada en el Colegio Santa Teresita y la otra en la explanada de la Legislatura Provincial, los alumnos y las alumnas de ambos establecimientos recibieron un Diploma honor\u00edfico que simboliza el compromiso asumido con el planeta, en un gesto que fue celebrado por toda la comunidad educativa.<\/p>\n\n\n\n<p>Adem\u00e1s, durante los actos celebrados en el Colegio Santa Teresita, los presentes pudieron disfrutar de las presentaciones del Club de Ciencias \u00abGuardianes de la Naturaleza\u00bb a cargo de la docente Fabiana Gali\u00e1n, una batucada ambiental interpretada con materiales reciclables y reutilizables por estudiantes de 4to y 5to grado que cont\u00f3 con la participaci\u00f3n del docente a cargo Gabriel Monta\u00f1o, y de la interpretaci\u00f3n de danzas folcl\u00f3ricas a trav\u00e9s de la cual docentes de la instituci\u00f3n y miemnbros de la Fundaci\u00f3n Ecos de Luz deleitaron a los presentes con su arte.&nbsp;<\/p>\n\n\n\n<p>Cabe destacar tambi\u00e9n la presencia en los eventos de la Asesora Pedag\u00f3gica Alejandra Macagno, quien estuvo representando a la Ministra de Educaci\u00f3n, Miriam Serrano, en el Colegio Santa Teresita; mientras que el Secretario de Pol\u00edticas Socioeducativas Julio Alarc\u00f3n, estuvo en la Casa de Piedra, junto a la diputada Valeria G\u00f3mez, que preside la Comisi\u00f3n de Ambiente de la Legislatura, adem\u00e1s de sus pares Daniel Ruiz, Mabel Batallanos, Miriam Burgos, Ang\u00e9lica Castillo, Olga Ramos, Mart\u00edn Fellner y Alejandro Cook. Y las legisladoras Claudia S\u00e1nchez Cantaberta e Hilda Prolongo.&nbsp;<\/p>\n\n\n\n<p>Finalmente, la Promesa Ambiental se inscribe en una pol\u00edtica integral que fortalece la educaci\u00f3n ambiental en Jujuy, incorporando esta ceremonia al Calendario Escolar y promoviendo una participaci\u00f3n activa de los establecimientos educativos p\u00fablicos, privados, municipales, sociales y cooperativos. Esta pol\u00edtica representa una decisi\u00f3n estrat\u00e9gica del Gobierno provincial de revalorizar la identidad ambiental de Jujuy, desde una mirada que integra la sostenibilidad con la cultura, la producci\u00f3n y los saberes ancestrales, en sinton\u00eda con el paradigma de la Pachamama.&nbsp;<\/p>\n\n\n\n<p>Durante la jornada, se destac\u00f3 que Jujuy es una de las provincias m\u00e1s biodiversas del pa\u00eds, con una riqueza natural, paisaj\u00edstica y cultural \u00fanica. Con este tipo de acciones, la provincia reafirma su liderazgo en pol\u00edticas p\u00fablicas ambientales y su compromiso con la formaci\u00f3n de nuevas generaciones con conciencia ecol\u00f3gica y sentido de responsabilidad hacia el cuidado de la Tierra.&nbsp;<\/p>\n\n\n\n<p>Acompa\u00f1aron a la ministra la Secretaria de Ordenamiento Ambiental del Territorio, Susana Amador; de Biodiversidad y Desarrollo Sustentable, Ana Rodr\u00edguez; y el Director de Educaci\u00f3n y Comunicaci\u00f3n Ambiental, Nicol\u00e1s Herrera.<\/p>\n\n\n\n<p><\/p>\n","protected":false},"excerpt":{"rendered":"<p>M\u00e1s de 200 estudiamos de ambos establecimientos educativos, asumieron el compromiso establecido por la Ley N\u00b0 6316. En el marco de la agenda conmemorativa del Mes Mundial del Ambiente, la Ministra de Ambiente y Cambio Clim\u00e1tico de Jujuy, Mar\u00eda In\u00e9s Zigar\u00e1n, encabez\u00f3 junto a la Asesora Pedag\u00f3gica del Ministerio de Educaci\u00f3n, Alejandra Macagno, el Secretario [&hellip;]<\/p>\n","protected":false},"author":7,"featured_media":14638,"comment_status":"open","ping_status":"open","sticky":false,"template":"","format":"standard","meta":{"_themeisle_gutenberg_block_has_review":false,"footnotes":""},"categories":[248,118],"tags":[58],"class_list":["post-14637","post","type-post","status-publish","format-standard","has-post-thumbnail","hentry","category-educacion","category-sociedad","tag-jujuy"],"_links":{"self":[{"href":"https:\/\/horapicodigital.com.ar\/index.php\/wp-json\/wp\/v2\/posts\/14637","targetHints":{"allow":["GET"]}}],"collection":[{"href":"https:\/\/horapicodigital.com.ar\/index.php\/wp-json\/wp\/v2\/posts"}],"about":[{"href":"https:\/\/horapicodigital.com.ar\/index.php\/wp-json\/wp\/v2\/types\/post"}],"author":[{"embeddable":true,"href":"https:\/\/horapicodigital.com.ar\/index.php\/wp-json\/wp\/v2\/users\/7"}],"replies":[{"embeddable":true,"href":"https:\/\/horapicodigital.com.ar\/index.php\/wp-json\/wp\/v2\/comments?post=14637"}],"version-history":[{"count":1,"href":"https:\/\/horapicodigital.com.ar\/index.php\/wp-json\/wp\/v2\/posts\/14637\/revisions"}],"predecessor-version":[{"id":14639,"href":"https:\/\/horapicodigital.com.ar\/index.php\/wp-json\/wp\/v2\/posts\/14637\/revisions\/14639"}],"wp:featuredmedia":[{"embeddable":true,"href":"https:\/\/horapicodigital.com.ar\/index.php\/wp-json\/wp\/v2\/media\/14638"}],"wp:attachment":[{"href":"https:\/\/horapicodigital.com.ar\/index.php\/wp-json\/wp\/v2\/media?parent=14637"}],"wp:term":[{"taxonomy":"category","embeddable":true,"href":"https:\/\/horapicodigital.com.ar\/index.php\/wp-json\/wp\/v2\/categories?post=14637"},{"taxonomy":"post_tag","embeddable":true,"href":"https:\/\/horapicodigital.com.ar\/index.php\/wp-json\/wp\/v2\/tags?post=14637"}],"curies":[{"name":"wp","href":"https:\/\/api.w.org\/{rel}","templated":true}]}}