{"id":14629,"date":"2025-06-10T06:51:24","date_gmt":"2025-06-10T09:51:24","guid":{"rendered":"https:\/\/horapicodigital.com.ar\/?p=14629"},"modified":"2025-06-10T06:52:34","modified_gmt":"2025-06-10T09:52:34","slug":"ganadores-del-premio-ledesma-de-artes-visuales-2025-2","status":"publish","type":"post","link":"https:\/\/horapicodigital.com.ar\/index.php\/2025\/06\/10\/ganadores-del-premio-ledesma-de-artes-visuales-2025-2\/","title":{"rendered":"Ganadores del Premio Ledesma de Artes Visuales 2025"},"content":{"rendered":"\n<p>Obra de Eloy Lamas<\/p>\n\n\n\n<p>La empresa Ledesma y la Secretar\u00eda de Cultura de la Provincia dieron a conocer los ganadores de la Edici\u00f3n 11\u00b0 del Premio Ledesma de Artes Visuales 2025. En la categor\u00eda especial Gran Premio NOA, el destacado fue Facundo Delf\u00edn Ca\u00f1azares Undiano por su obra \u201cPiedra basal\u201d.<br>El Primer Premio qued\u00f3 en manos de Carolina In\u00e9s Franco por su obra \u201cLatido\u201d, mientras que el Gran premio del NOA fue para Facundo Delf\u00edn Ca\u00f1azares Undiano por su obra \u201cPiedra basal\u201d.<br>El Segundo Premio fue para la obra \u201cSobre Altares hogares\u201d de Mar\u00eda Virginia Serrano, mientras que el Tercer Premio fue para Mar\u00eda Eugenia Correa por su obra \u201cSimientes\u201d.<br>El Premio Revelaci\u00f3n artista menor de 30 a\u00f1os fue otorgado a Eloy Adriel Lamas por su obra Kawsaykuna hu\u00f1uy (La cosecha).<br>En tanto, el Premio Innovaci\u00f3n lo obtuvo Pablo Leonel Rivero por su obra \u201cRitual de arcilla para llorar\u201d.<br>Asimismo, el jurado otorg\u00f3 Menci\u00f3n est\u00edmulo para artista joven a Luc\u00eda Monserrat Est\u00e9vez, por su obra \u201cBrachyurus Poliocephalus (H\u00edbrido Aguar\u00e1 Guaz\u00fa-Murci\u00e9lago)\u201d; Menci\u00f3n de honor para la artista Mar\u00eda Rosa Mammana por su obra \u201cSin t\u00edtulo\u201d de la serie estados interiores; y Menciones especiales del jurado para el artista Federico Kirshbaum por su obra \u201cLa aspereza del paisaje\u201d; y para el artista Gabriel Varsanyi por su obra \u201cSin t\u00edtulo.<br>El jurado estuvo conformado por Marta Penhos, doctora en Historia y Teor\u00eda de las Artes por la UBA y vicepresidente de la Academia Nacional de Buenos Aires; Laura Casanovas, historiadora del arte, curadora, cr\u00edtica de arte y periodista en Revista Cultural \u00d1 del diario Clar\u00edn; y Enrique Salvatierra, pintor, escultor, ceramista y artista textil, de alto perfil nacional e internacional.<br>En esta edici\u00f3n, las obras \u00bb Piedra basal\u00bb de Facundo Ca\u00f1azares Undiano, la obra \u00abLatido\u00bb de Carolina In\u00e9s Franco y la obra \u00abKawsaykuna hu\u00f1uy\u00bb (La Cosecha) de Eloy Adriel Lamas, pasar\u00e1n a integrar la Colecci\u00f3n Ledesma de Arte Contempor\u00e1neo que cuenta ya con 23 obras, y es la m\u00e1s representativa de la producci\u00f3n art\u00edstica de los \u00faltimos veinte a\u00f1os en Jujuy.<br>El Premio Ledesma de Artes Visuales cuenta con una historia de m\u00e1s de veinte a\u00f1os y busca promover la producci\u00f3n art\u00edstica regional y generar nuevos espacios de exhibici\u00f3n para los creadores del NOA.<\/p>\n\n\n\n<p>\ud83d\udcccLa muestra estar\u00e1 disponible y se podr\u00e1 visitar entre el 8 de julio y 2 de agosto en salas de Culturarte y CAJA, ambas dependientes de la Secretar\u00eda de Cultura de Jujuy.<\/p>\n\n\n\n<p>\ud83d\udd17Enlace a las obras ganadoras: https:\/\/drive.google.com\/drive\/folders\/1XloxeWhctUY2FGH5vJ0xHPy_XcAH1FtE?usp=sharing<\/p>\n","protected":false},"excerpt":{"rendered":"<p>Obra de Eloy Lamas La empresa Ledesma y la Secretar\u00eda de Cultura de la Provincia dieron a conocer los ganadores de la Edici\u00f3n 11\u00b0 del Premio Ledesma de Artes Visuales 2025. En la categor\u00eda especial Gran Premio NOA, el destacado fue Facundo Delf\u00edn Ca\u00f1azares Undiano por su obra \u201cPiedra basal\u201d.El Primer Premio qued\u00f3 en manos [&hellip;]<\/p>\n","protected":false},"author":7,"featured_media":14630,"comment_status":"open","ping_status":"open","sticky":false,"template":"","format":"standard","meta":{"_themeisle_gutenberg_block_has_review":false,"footnotes":""},"categories":[2719,2714,1],"tags":[58],"class_list":["post-14629","post","type-post","status-publish","format-standard","has-post-thumbnail","hentry","category-cultura","category-shows-y-eventos","category-uncategorized","tag-jujuy"],"_links":{"self":[{"href":"https:\/\/horapicodigital.com.ar\/index.php\/wp-json\/wp\/v2\/posts\/14629","targetHints":{"allow":["GET"]}}],"collection":[{"href":"https:\/\/horapicodigital.com.ar\/index.php\/wp-json\/wp\/v2\/posts"}],"about":[{"href":"https:\/\/horapicodigital.com.ar\/index.php\/wp-json\/wp\/v2\/types\/post"}],"author":[{"embeddable":true,"href":"https:\/\/horapicodigital.com.ar\/index.php\/wp-json\/wp\/v2\/users\/7"}],"replies":[{"embeddable":true,"href":"https:\/\/horapicodigital.com.ar\/index.php\/wp-json\/wp\/v2\/comments?post=14629"}],"version-history":[{"count":1,"href":"https:\/\/horapicodigital.com.ar\/index.php\/wp-json\/wp\/v2\/posts\/14629\/revisions"}],"predecessor-version":[{"id":14631,"href":"https:\/\/horapicodigital.com.ar\/index.php\/wp-json\/wp\/v2\/posts\/14629\/revisions\/14631"}],"wp:featuredmedia":[{"embeddable":true,"href":"https:\/\/horapicodigital.com.ar\/index.php\/wp-json\/wp\/v2\/media\/14630"}],"wp:attachment":[{"href":"https:\/\/horapicodigital.com.ar\/index.php\/wp-json\/wp\/v2\/media?parent=14629"}],"wp:term":[{"taxonomy":"category","embeddable":true,"href":"https:\/\/horapicodigital.com.ar\/index.php\/wp-json\/wp\/v2\/categories?post=14629"},{"taxonomy":"post_tag","embeddable":true,"href":"https:\/\/horapicodigital.com.ar\/index.php\/wp-json\/wp\/v2\/tags?post=14629"}],"curies":[{"name":"wp","href":"https:\/\/api.w.org\/{rel}","templated":true}]}}