{"id":14604,"date":"2025-06-07T08:24:35","date_gmt":"2025-06-07T11:24:35","guid":{"rendered":"https:\/\/horapicodigital.com.ar\/?p=14604"},"modified":"2025-06-07T08:24:36","modified_gmt":"2025-06-07T11:24:36","slug":"abren-inscripciones-para-el-curso-de-operador-en-salud-mental","status":"publish","type":"post","link":"https:\/\/horapicodigital.com.ar\/index.php\/2025\/06\/07\/abren-inscripciones-para-el-curso-de-operador-en-salud-mental\/","title":{"rendered":"Abren inscripciones para el Curso de Operador en Salud Mental"},"content":{"rendered":"\n<p>El ciclo es gratuito y est\u00e1 destinado a toda persona mayor de 18 a\u00f1os con secundario completo.<\/p>\n\n\n\n<p>A trav\u00e9s del Ministerio de Salud de Jujuy y el Ministerio de Educaci\u00f3n en conjunto con la Comisi\u00f3n Interministerial en Salud Mental y Adicciones (COPISMA) Ley 5.937 DR 7734-S se informa que entre el 9 y 20 de junio estar\u00e1n abiertas las inscripciones para el Curso de Operador en Salud Mental destinado a toda persona mayor de 18 a\u00f1os con secundario completo.<\/p>\n\n\n\n<p>El Operador en Salud Mental es un agente de salud con formaci\u00f3n te\u00f3rico-pr\u00e1ctica b\u00e1sica, complementario para la asistencia de personas, para promover las potencialidades de las personas y comunidades a partir de las prioridades de la Pol\u00edtica de Salud Mental de la Provincia: la intervenci\u00f3n en Crisis y Reinserci\u00f3n Social y acorde a los lineamientos de la Ley Provincial N.\u00ba 5.937 de \u201cAdhesi\u00f3n Ley Nacional de Salud Mental 26.657 y DR 603\/2013\u201d.<\/p>\n\n\n\n<p>Con disponibilidad de 100 cupos, el ciclo gratuito estar\u00e1 coordinado por la Especialista Marisa Edit Vargas, y contar\u00e1 entre sus disertantes con el secretario de Salud Mental, Adicciones y Discapacidad de la provincia, Agust\u00edn Y\u00e9cora; referentes del sistema p\u00fablico de salud y profesionales en Psicolog\u00eda, Trabajo Social, Derecho y Comunicaci\u00f3n Social.<\/p>\n\n\n\n<p>Las clases te\u00f3ricas asincr\u00f3nicas se dictar\u00e1n desde la Plataforma Salud en L\u00ednea con instancias de pr\u00e1cticas presenciales mientras se evaluar\u00e1 el trayecto de la capacitaci\u00f3n, finalizando con la presentaci\u00f3n de un trabajo individual o grupal.&nbsp;<\/p>\n\n\n\n<p>Las inscripciones tendr\u00e1n lugar en sede del Instituto Superior G. Paterson, Alvear 1152, 2\u00b0 Piso (edificio CEPAM), de la capital juje\u00f1a de lunes a viernes de 8 a 12 horas presentando la documentaci\u00f3n requerida.&nbsp;<\/p>\n\n\n\n<p>Por consultas, se solicita comunicarse al tel\u00e9fono 388 \u2013 4221297 o al correo electr\u00f3nico&nbsp;<a href=\"mailto:cursoopsaludmental@gmail.com\" target=\"_blank\" rel=\"noreferrer noopener\">cursoopsaludmental@gmail.com<\/a><\/p>\n","protected":false},"excerpt":{"rendered":"<p>El ciclo es gratuito y est\u00e1 destinado a toda persona mayor de 18 a\u00f1os con secundario completo. A trav\u00e9s del Ministerio de Salud de Jujuy y el Ministerio de Educaci\u00f3n en conjunto con la Comisi\u00f3n Interministerial en Salud Mental y Adicciones (COPISMA) Ley 5.937 DR 7734-S se informa que entre el 9 y 20 de [&hellip;]<\/p>\n","protected":false},"author":7,"featured_media":14605,"comment_status":"open","ping_status":"open","sticky":false,"template":"","format":"standard","meta":{"_themeisle_gutenberg_block_has_review":false,"footnotes":""},"categories":[248],"tags":[58],"class_list":["post-14604","post","type-post","status-publish","format-standard","has-post-thumbnail","hentry","category-educacion","tag-jujuy"],"_links":{"self":[{"href":"https:\/\/horapicodigital.com.ar\/index.php\/wp-json\/wp\/v2\/posts\/14604","targetHints":{"allow":["GET"]}}],"collection":[{"href":"https:\/\/horapicodigital.com.ar\/index.php\/wp-json\/wp\/v2\/posts"}],"about":[{"href":"https:\/\/horapicodigital.com.ar\/index.php\/wp-json\/wp\/v2\/types\/post"}],"author":[{"embeddable":true,"href":"https:\/\/horapicodigital.com.ar\/index.php\/wp-json\/wp\/v2\/users\/7"}],"replies":[{"embeddable":true,"href":"https:\/\/horapicodigital.com.ar\/index.php\/wp-json\/wp\/v2\/comments?post=14604"}],"version-history":[{"count":1,"href":"https:\/\/horapicodigital.com.ar\/index.php\/wp-json\/wp\/v2\/posts\/14604\/revisions"}],"predecessor-version":[{"id":14606,"href":"https:\/\/horapicodigital.com.ar\/index.php\/wp-json\/wp\/v2\/posts\/14604\/revisions\/14606"}],"wp:featuredmedia":[{"embeddable":true,"href":"https:\/\/horapicodigital.com.ar\/index.php\/wp-json\/wp\/v2\/media\/14605"}],"wp:attachment":[{"href":"https:\/\/horapicodigital.com.ar\/index.php\/wp-json\/wp\/v2\/media?parent=14604"}],"wp:term":[{"taxonomy":"category","embeddable":true,"href":"https:\/\/horapicodigital.com.ar\/index.php\/wp-json\/wp\/v2\/categories?post=14604"},{"taxonomy":"post_tag","embeddable":true,"href":"https:\/\/horapicodigital.com.ar\/index.php\/wp-json\/wp\/v2\/tags?post=14604"}],"curies":[{"name":"wp","href":"https:\/\/api.w.org\/{rel}","templated":true}]}}