{"id":14510,"date":"2025-06-03T10:38:57","date_gmt":"2025-06-03T13:38:57","guid":{"rendered":"https:\/\/horapicodigital.com.ar\/?p=14510"},"modified":"2025-06-03T10:38:59","modified_gmt":"2025-06-03T13:38:59","slug":"delitos-en-aumento-y-violencia-instalada-el-panorama-que-enfrenta-el-ministerio-publico-de-la-acusacion-de-jujuy","status":"publish","type":"post","link":"https:\/\/horapicodigital.com.ar\/index.php\/2025\/06\/03\/delitos-en-aumento-y-violencia-instalada-el-panorama-que-enfrenta-el-ministerio-publico-de-la-acusacion-de-jujuy\/","title":{"rendered":"Delitos en aumento y violencia instalada: el panorama que enfrenta el Ministerio P\u00fablico de la Acusaci\u00f3n de Jujuy"},"content":{"rendered":"\n<p>El Procurador General, Sergio Lello S\u00e1nchez, advirti\u00f3 sobre el crecimiento del delito en la provincia, con un fuerte impacto de la violencia de g\u00e9nero, sexual e intrafamiliar.<\/p>\n\n\n\n<p><strong>El Procurador General del Ministerio P\u00fablico de la Acusaci\u00f3n (MPA), Sergio Lello S\u00e1nchez, analiz\u00f3 la situaci\u00f3n actual del delito en Jujuy<\/strong>&nbsp;y se\u00f1al\u00f3 que durante 2024 se duplic\u00f3 la cantidad de causas ingresadas en comparaci\u00f3n con el a\u00f1o pasado: de unas 9.000 en 2023, se pas\u00f3 a m\u00e1s de 18.000 en lo que va del a\u00f1o.<\/p>\n\n\n\n<p>Este aumento, explic\u00f3 Lello S\u00e1nchez en el programa&nbsp;<em>Detr\u00e1s de las Noticias<\/em>, tiene m\u00faltiples causas, pero destac\u00f3 que&nbsp;<strong>m\u00e1s del 50% de los casos est\u00e1n vinculados con violencia de g\u00e9nero, violencia sexual e intrafamiliar, un problema que se visibiliz\u00f3 con m\u00e1s fuerza desde 2020 y que sigue creciendo.<\/strong><\/p>\n\n\n\n<p>El procurador explic\u00f3 que la violencia en Jujuy tiene ra\u00edces profundas y estructurales: \u201c<strong>Hay una violencia estructural en la poblaci\u00f3n, donde la violencia de g\u00e9nero puede escalar hacia la violencia sexual y el femicidio.&nbsp;<\/strong>Esto es multicausal, pero est\u00e1 atravesado por una estructura patriarcal, violencia naturalizada y machismo.&nbsp;<strong>Tambi\u00e9n inciden problemas como el alcoholismo y las drogas, que deterioran el tejido social<\/strong>\u201d.<\/p>\n\n\n\n<p>En cuanto a la articulaci\u00f3n institucional, Lello S\u00e1nchez destac\u00f3 que el MPA trabaja diariamente con otros organismos del Estado para dise\u00f1ar estrategias de prevenci\u00f3n y persecuci\u00f3n del delito. \u201cCada efector de la administraci\u00f3n p\u00fablica cuenta con la informaci\u00f3n necesaria para actuar r\u00e1pidamente\u201d, explic\u00f3.&nbsp;<strong>Un avance importante es la presencia de oficinas del MPA en casi todos los hospitales p\u00fablicos de la provincia, donde las v\u00edctimas pueden realizar denuncias, recibir orientaci\u00f3n y acceder a atenci\u00f3n psicol\u00f3gica sin necesidad de pasar primero por una comisar\u00eda, lo que agiliza el proceso y evita la revictimizaci\u00f3n.<\/strong><\/p>\n\n\n\n<p><strong>Sobre el reciente femicidio ocurrido en Fraile Pintado, el procurador indic\u00f3 que \u201chay una investigaci\u00f3n en curso que est\u00e1 casi resuelta\u201d sobre informaci\u00f3n filtrada.<\/strong>&nbsp;Tambi\u00e9n pidi\u00f3 cautela ante la filtraci\u00f3n de informaci\u00f3n y advirti\u00f3 sobre el \u201cfen\u00f3meno de r\u00e9plica\u201d, que puede generar un contexto propicio para que se repitan hechos de violencia similares. \u201cEs fundamental proteger la identidad de la v\u00edctima y de sus familiares,\u201d afirm\u00f3.<\/p>\n\n\n\n<p>Finalmente, Lello S\u00e1nchez resalt\u00f3 que, aunque los robos y delitos patrimoniales tambi\u00e9n aumentaron, el sistema judicial debe atender con especial compromiso la violencia de g\u00e9nero, un flagelo que atraviesa a toda la sociedad juje\u00f1a y que requiere un abordaje integral y articulado.<\/p>\n\n\n\n<p><\/p>\n","protected":false},"excerpt":{"rendered":"<p>El Procurador General, Sergio Lello S\u00e1nchez, advirti\u00f3 sobre el crecimiento del delito en la provincia, con un fuerte impacto de la violencia de g\u00e9nero, sexual e intrafamiliar. El Procurador General del Ministerio P\u00fablico de la Acusaci\u00f3n (MPA), Sergio Lello S\u00e1nchez, analiz\u00f3 la situaci\u00f3n actual del delito en Jujuy&nbsp;y se\u00f1al\u00f3 que durante 2024 se duplic\u00f3 la [&hellip;]<\/p>\n","protected":false},"author":7,"featured_media":14511,"comment_status":"open","ping_status":"open","sticky":false,"template":"","format":"standard","meta":{"_themeisle_gutenberg_block_has_review":false,"footnotes":""},"categories":[34],"tags":[58],"class_list":["post-14510","post","type-post","status-publish","format-standard","has-post-thumbnail","hentry","category-policiales","tag-jujuy"],"_links":{"self":[{"href":"https:\/\/horapicodigital.com.ar\/index.php\/wp-json\/wp\/v2\/posts\/14510","targetHints":{"allow":["GET"]}}],"collection":[{"href":"https:\/\/horapicodigital.com.ar\/index.php\/wp-json\/wp\/v2\/posts"}],"about":[{"href":"https:\/\/horapicodigital.com.ar\/index.php\/wp-json\/wp\/v2\/types\/post"}],"author":[{"embeddable":true,"href":"https:\/\/horapicodigital.com.ar\/index.php\/wp-json\/wp\/v2\/users\/7"}],"replies":[{"embeddable":true,"href":"https:\/\/horapicodigital.com.ar\/index.php\/wp-json\/wp\/v2\/comments?post=14510"}],"version-history":[{"count":1,"href":"https:\/\/horapicodigital.com.ar\/index.php\/wp-json\/wp\/v2\/posts\/14510\/revisions"}],"predecessor-version":[{"id":14512,"href":"https:\/\/horapicodigital.com.ar\/index.php\/wp-json\/wp\/v2\/posts\/14510\/revisions\/14512"}],"wp:featuredmedia":[{"embeddable":true,"href":"https:\/\/horapicodigital.com.ar\/index.php\/wp-json\/wp\/v2\/media\/14511"}],"wp:attachment":[{"href":"https:\/\/horapicodigital.com.ar\/index.php\/wp-json\/wp\/v2\/media?parent=14510"}],"wp:term":[{"taxonomy":"category","embeddable":true,"href":"https:\/\/horapicodigital.com.ar\/index.php\/wp-json\/wp\/v2\/categories?post=14510"},{"taxonomy":"post_tag","embeddable":true,"href":"https:\/\/horapicodigital.com.ar\/index.php\/wp-json\/wp\/v2\/tags?post=14510"}],"curies":[{"name":"wp","href":"https:\/\/api.w.org\/{rel}","templated":true}]}}