{"id":14504,"date":"2025-06-03T10:34:15","date_gmt":"2025-06-03T13:34:15","guid":{"rendered":"https:\/\/horapicodigital.com.ar\/?p=14504"},"modified":"2025-06-03T10:34:17","modified_gmt":"2025-06-03T13:34:17","slug":"bullying-en-el-colegio-jose-hernandez-y-en-otros-colegios-privados-de-jujuy","status":"publish","type":"post","link":"https:\/\/horapicodigital.com.ar\/index.php\/2025\/06\/03\/bullying-en-el-colegio-jose-hernandez-y-en-otros-colegios-privados-de-jujuy\/","title":{"rendered":"Bullying en el Colegio Jos\u00e9 Hern\u00e1ndez y en otros colegios privados de Jujuy"},"content":{"rendered":"\n<p>Una estudiante decidi\u00f3 realizar una denuncia p\u00fablica por el bullying que sufre en su colegio privado donde asist\u00eda.<\/p>\n\n\n\n<p>Una adolescente de 5\u00b0 a\u00f1o del Colegio Secundario privado Jos\u00e9 Hern\u00e1ndez, ubicado en el barrio Los Perales de la Capital juje\u00f1a, realiz\u00f3 un descargo por el bullying que ven\u00eda sufriendo desde que ingres\u00f3 al establecimiento \u201ceducativo\u201d privado.<\/p>\n\n\n\n<p>Seg\u00fan la adolescente, a pesar de comunicar lo que ven\u00eda padeciendo a los directivos y docentes dio soluci\u00f3n al bullying que padec\u00eda a diario por sus compa\u00f1eros de clases, que en su mayor\u00eda se\u00f1alan, son hijos de pol\u00edticos y empresarios juje\u00f1os.<\/p>\n\n\n\n<p>Luego de la denuncia p\u00fablica en redes sociales tomo la determinaci\u00f3n de no volver al colegio a pesar de que es su \u00faltimo a\u00f1o en el nivel secundario.<\/p>\n\n\n\n<p>Los mismos hechos de violencia escolar o bullying, seg\u00fan las denuncias an\u00f3nimas en redes, ocurren en el Colegio privado Cheil, ubicado en el barrio Bajo la Vi\u00f1a y otros dos establecimientos educativos privados ubicados en el centro de la Capital juje\u00f1a.<\/p>\n\n\n\n<p>El acoso escolar, o \u201cbullying\u201d, es un problema serio que afecta a ni\u00f1os y j\u00f3venes en el entorno escolar. Se caracteriza por comportamientos agresivos, repetitivos e intencionales, que causan da\u00f1o emocional y\/o f\u00edsico a la v\u00edctima.<\/p>\n\n\n\n<p><\/p>\n\n\n\n<p><\/p>\n\n\n\n<p><\/p>\n","protected":false},"excerpt":{"rendered":"<p>Una estudiante decidi\u00f3 realizar una denuncia p\u00fablica por el bullying que sufre en su colegio privado donde asist\u00eda. Una adolescente de 5\u00b0 a\u00f1o del Colegio Secundario privado Jos\u00e9 Hern\u00e1ndez, ubicado en el barrio Los Perales de la Capital juje\u00f1a, realiz\u00f3 un descargo por el bullying que ven\u00eda sufriendo desde que ingres\u00f3 al establecimiento \u201ceducativo\u201d privado. [&hellip;]<\/p>\n","protected":false},"author":7,"featured_media":14505,"comment_status":"open","ping_status":"open","sticky":false,"template":"","format":"standard","meta":{"_themeisle_gutenberg_block_has_review":false,"footnotes":""},"categories":[248],"tags":[58],"class_list":["post-14504","post","type-post","status-publish","format-standard","has-post-thumbnail","hentry","category-educacion","tag-jujuy"],"_links":{"self":[{"href":"https:\/\/horapicodigital.com.ar\/index.php\/wp-json\/wp\/v2\/posts\/14504","targetHints":{"allow":["GET"]}}],"collection":[{"href":"https:\/\/horapicodigital.com.ar\/index.php\/wp-json\/wp\/v2\/posts"}],"about":[{"href":"https:\/\/horapicodigital.com.ar\/index.php\/wp-json\/wp\/v2\/types\/post"}],"author":[{"embeddable":true,"href":"https:\/\/horapicodigital.com.ar\/index.php\/wp-json\/wp\/v2\/users\/7"}],"replies":[{"embeddable":true,"href":"https:\/\/horapicodigital.com.ar\/index.php\/wp-json\/wp\/v2\/comments?post=14504"}],"version-history":[{"count":1,"href":"https:\/\/horapicodigital.com.ar\/index.php\/wp-json\/wp\/v2\/posts\/14504\/revisions"}],"predecessor-version":[{"id":14506,"href":"https:\/\/horapicodigital.com.ar\/index.php\/wp-json\/wp\/v2\/posts\/14504\/revisions\/14506"}],"wp:featuredmedia":[{"embeddable":true,"href":"https:\/\/horapicodigital.com.ar\/index.php\/wp-json\/wp\/v2\/media\/14505"}],"wp:attachment":[{"href":"https:\/\/horapicodigital.com.ar\/index.php\/wp-json\/wp\/v2\/media?parent=14504"}],"wp:term":[{"taxonomy":"category","embeddable":true,"href":"https:\/\/horapicodigital.com.ar\/index.php\/wp-json\/wp\/v2\/categories?post=14504"},{"taxonomy":"post_tag","embeddable":true,"href":"https:\/\/horapicodigital.com.ar\/index.php\/wp-json\/wp\/v2\/tags?post=14504"}],"curies":[{"name":"wp","href":"https:\/\/api.w.org\/{rel}","templated":true}]}}