{"id":14467,"date":"2025-05-30T09:56:43","date_gmt":"2025-05-30T12:56:43","guid":{"rendered":"https:\/\/horapicodigital.com.ar\/?p=14467"},"modified":"2025-05-30T09:56:49","modified_gmt":"2025-05-30T12:56:49","slug":"femicidio-de-tamara-fierro-decretan-duelo-municipal-en-fraile-pintado-y-suspension-de-clases","status":"publish","type":"post","link":"https:\/\/horapicodigital.com.ar\/index.php\/2025\/05\/30\/femicidio-de-tamara-fierro-decretan-duelo-municipal-en-fraile-pintado-y-suspension-de-clases\/","title":{"rendered":"Femicidio de Tamara Fierro: decretan duelo municipal en Fraile Pintado y suspensi\u00f3n de clases"},"content":{"rendered":"\n<p>La decisi\u00f3n responde al profundo dolor y la consternaci\u00f3n que atraviesa la comunidad fraile\u00f1a, que expres\u00f3 su repudio por lo ocurrido mediante marchas y pedidos de justicia.<\/p>\n\n\n\n<p>La Municipalidad de Fraile Pintado declar\u00f3 duelo municipal por el t\u00e9rmino de cinco d\u00edas y suspendi\u00f3 las actividades educativas en todos sus niveles por 48 horas, tras el conmocionante<strong>\u00a0femicidio de Tamara Soledad Fierro<\/strong>, ocurrido la semana pasada.<\/p>\n\n\n\n<p><strong>La medida fue oficializada mediante el Decreto N\u00b0 1468-DE-2025, firmado por el intendente de la ciudad.&nbsp;<\/strong>El decreto establece que durante el duelo, las banderas deber\u00e1n permanecer izadas a media asta y se insta a las autoridades de seguridad, salud p\u00fablica y a la poblaci\u00f3n en general a acompa\u00f1ar este gesto simb\u00f3lico.<\/p>\n\n\n\n<p>La comunidad contin\u00faa movilizada, exigiendo que los responsables del crimen paguen por sus actos y que se apliquen con firmeza las leyes correspondientes.\u00a0La muerte de Tamara Fierro se est\u00e1 convirtiendo en un s\u00edmbolo de lucha contra la violencia de g\u00e9nero en esa ciudad y en toda la provincia.<\/p>\n\n\n\n<h2 class=\"wp-block-heading\">Justicia por Tamara Fierro: qu\u00e9 dice el decreto<\/h2>\n\n\n\n<p>CONSIDERANDO:<\/p>\n\n\n\n<p>Que, el un dolor profundo que siente la familia, no tiene consuelo ni reparo por los hechos de violencia de genero, donde le privaron la vida a TAMARA SOLEDAD FIERRO<\/p>\n\n\n\n<p>Que, los integrantes de la familia y toda la ciudadan\u00eda fraile\u00f1a piden justicia por TAMARA, a trav\u00e9s de movilizaciones que se efect\u00faan para que los culpables del hecho paguen sus delitos y que se aplique rigurosamente las leyes que corresponda.<\/p>\n\n\n\n<p>Que, este caso tomo trascendencia nacional atreves de los distintos medios gr\u00e1ficos, televisivos, radiales y Redes sociales dando a conocer los procedimientos que se sucedieron durante la semana que pas\u00f3.<\/p>\n\n\n\n<p>EL INTENDENTE DE LA MUNICIPALIDAD DE FRAILE PINTADO EN USO DE LAS FACULTADES QUE LE CONFIEREN LA CONSTITUCION DE LA PROVINCIA DE JUJUY Y LA LEY ORGANICA DE LOS MUNICIPIOS N\u00ba 4466\/89.-<\/p>\n\n\n\n<p>DECRETA:<\/p>\n\n\n\n<p>ARTICULO 1\u00b0:<\/p>\n\n\n\n<p>DUELO MUNICIPAL, por el termino de 5 (cinco) d\u00edas a partir de la fecha, por el fallecimiento de TAMARA SOLEDAD FIERRO, y todo lo expresado Ut-Supra.<\/p>\n\n\n\n<p>ARTICULO 20:<\/p>\n\n\n\n<p>SE ESTABLECE la suspensi\u00f3n de las actividades Educativas de los tres niveles por el t\u00e9rmino de cuarenta y ocho horas (48), y a las autoridades de Seguridad, de la Salud publica del estado Provincial, pueblo en general invitar a izar la Bandera Nacional Argentina a media asta mientras dure el Duelo Municipal &#8212;-<\/p>\n\n\n\n<p>ARTICULO 3\u00ba<\/p>\n\n\n\n<p>ELEVESE copia a las autoridades mencionada en el articulo precedente del presente Decreto, para su conocimiento y dem\u00e1s efectos.<\/p>\n\n\n\n<p>ARTICULO 4\u00b0<\/p>\n\n\n\n<p>NOTIFIQUESE el presente Decreto y entr\u00e9guese copia a las distintas secretaria del Departamento Ejecutivo para su conocimiento<\/p>\n\n\n\n<p>ARTICULO 5\u00b0<\/p>\n\n\n\n<p>DESE amplia difusi\u00f3n de presente Decreto. CUMPLIDO: REGISTRES y ARCHIVES.<\/p>\n","protected":false},"excerpt":{"rendered":"<p>La decisi\u00f3n responde al profundo dolor y la consternaci\u00f3n que atraviesa la comunidad fraile\u00f1a, que expres\u00f3 su repudio por lo ocurrido mediante marchas y pedidos de justicia. La Municipalidad de Fraile Pintado declar\u00f3 duelo municipal por el t\u00e9rmino de cinco d\u00edas y suspendi\u00f3 las actividades educativas en todos sus niveles por 48 horas, tras el [&hellip;]<\/p>\n","protected":false},"author":7,"featured_media":14468,"comment_status":"open","ping_status":"open","sticky":false,"template":"","format":"standard","meta":{"_themeisle_gutenberg_block_has_review":false,"footnotes":""},"categories":[34],"tags":[58],"class_list":["post-14467","post","type-post","status-publish","format-standard","has-post-thumbnail","hentry","category-policiales","tag-jujuy"],"_links":{"self":[{"href":"https:\/\/horapicodigital.com.ar\/index.php\/wp-json\/wp\/v2\/posts\/14467","targetHints":{"allow":["GET"]}}],"collection":[{"href":"https:\/\/horapicodigital.com.ar\/index.php\/wp-json\/wp\/v2\/posts"}],"about":[{"href":"https:\/\/horapicodigital.com.ar\/index.php\/wp-json\/wp\/v2\/types\/post"}],"author":[{"embeddable":true,"href":"https:\/\/horapicodigital.com.ar\/index.php\/wp-json\/wp\/v2\/users\/7"}],"replies":[{"embeddable":true,"href":"https:\/\/horapicodigital.com.ar\/index.php\/wp-json\/wp\/v2\/comments?post=14467"}],"version-history":[{"count":1,"href":"https:\/\/horapicodigital.com.ar\/index.php\/wp-json\/wp\/v2\/posts\/14467\/revisions"}],"predecessor-version":[{"id":14469,"href":"https:\/\/horapicodigital.com.ar\/index.php\/wp-json\/wp\/v2\/posts\/14467\/revisions\/14469"}],"wp:featuredmedia":[{"embeddable":true,"href":"https:\/\/horapicodigital.com.ar\/index.php\/wp-json\/wp\/v2\/media\/14468"}],"wp:attachment":[{"href":"https:\/\/horapicodigital.com.ar\/index.php\/wp-json\/wp\/v2\/media?parent=14467"}],"wp:term":[{"taxonomy":"category","embeddable":true,"href":"https:\/\/horapicodigital.com.ar\/index.php\/wp-json\/wp\/v2\/categories?post=14467"},{"taxonomy":"post_tag","embeddable":true,"href":"https:\/\/horapicodigital.com.ar\/index.php\/wp-json\/wp\/v2\/tags?post=14467"}],"curies":[{"name":"wp","href":"https:\/\/api.w.org\/{rel}","templated":true}]}}