{"id":14464,"date":"2025-05-30T09:51:49","date_gmt":"2025-05-30T12:51:49","guid":{"rendered":"https:\/\/horapicodigital.com.ar\/?p=14464"},"modified":"2025-05-30T09:51:55","modified_gmt":"2025-05-30T12:51:55","slug":"homicidio-en-grado-de-tentativa-la-nueva-caratula-del-enfermero-acusado-de-mala-praxis","status":"publish","type":"post","link":"https:\/\/horapicodigital.com.ar\/index.php\/2025\/05\/30\/homicidio-en-grado-de-tentativa-la-nueva-caratula-del-enfermero-acusado-de-mala-praxis\/","title":{"rendered":"\u00abHomicidio en grado de tentativa\u00bb, la nueva car\u00e1tula del enfermero acusado de mala praxis"},"content":{"rendered":"\n<p>El enfermero que le suministr\u00f3 leche por v\u00eda intravenosa al beb\u00e9 sigue en prisi\u00f3n y en junio se pedir\u00e1 la elevaci\u00f3n a juicio del caso.<\/p>\n\n\n\n<p><strong>La causa que investiga al enfermero acusado de suministrar alimento por v\u00eda intravenosa a un beb\u00e9<\/strong>, hecho que gener\u00f3 una fuerte conmoci\u00f3n, fue recaratulada y avanza hacia el juicio. Seg\u00fan le confirm\u00f3 a TodoJujuy.com el fiscal Guillermo Beller la figura legal pas\u00f3 a ser\u00a0<em>homicidio en grado de tentativa<\/em>, decisi\u00f3n tomada en una audiencia realizada la semana pasada.<\/p>\n\n\n\n<p>La investigaci\u00f3n recolect\u00f3 nuevos elementos que motivaron el cambio de car\u00e1tula.<strong>&nbsp;Entre los fundamentos se encuentran pruebas que ser\u00e1n presentadas en el requerimiento formal de citaci\u00f3n a juicio y, adem\u00e1s, la existencia de antecedentes que figuran en el legajo del imputado.<\/strong><\/p>\n\n\n\n<p>\u201cLa audiencia ya se hizo. Ahora estamos esperando una nueva instancia, finalizando el requerimiento para que el caso pase a juicio\u00bb, dijo y confirm\u00f3 que el proceso ya fue recaratulado:<strong>&nbsp;\u201cSe cambi\u00f3 la car\u00e1tula la semana pasada a homicidio en grado de tentativa\u201d.<\/strong><\/p>\n\n\n\n<p>Sobre los motivos del cambio, desde la fiscal\u00eda indicaron que \u201chubo varios elementos en la investigaci\u00f3n que nos llevaron a esta decisi\u00f3n. Son cuestiones que se van a exponer en el requerimiento de citaci\u00f3n a juicio\u201d. Al ser consultados por si entre esos elementos se consideraron antecedentes, la respuesta fue afirmativa:<strong>&nbsp;\u201cS\u00ed, se analiza todo lo que figura en el legajo. Eso tambi\u00e9n se tiene en cuenta\u201d.<\/strong><\/p>\n\n\n\n<p>El acusado contin\u00faa detenido y permanece bajo prisi\u00f3n preventiva. \u201cSigue privado de su libertad\u201d, confirmaron desde el \u00e1mbito judicial.<\/p>\n\n\n\n<p>En cuanto a los plazos, desde la fiscal\u00eda explicaron que no pueden precisar una fecha exacta para el juicio, sin embargo, adelant\u00f3 que<strong>&nbsp;\u201cen junio ya vamos a estar solicitando la elevaci\u00f3n a juicio\u201d<\/strong>.<\/p>\n\n\n\n<p>Cabe destacar que el caso gener\u00f3 una fuerte repercusi\u00f3n p\u00fablica por la gravedad de lo ocurrido y las posibles consecuencias del\u00a0accionar del enfermero que llevaron al beb\u00e9 a estar al borde de la muerte.<\/p>\n","protected":false},"excerpt":{"rendered":"<p>El enfermero que le suministr\u00f3 leche por v\u00eda intravenosa al beb\u00e9 sigue en prisi\u00f3n y en junio se pedir\u00e1 la elevaci\u00f3n a juicio del caso. La causa que investiga al enfermero acusado de suministrar alimento por v\u00eda intravenosa a un beb\u00e9, hecho que gener\u00f3 una fuerte conmoci\u00f3n, fue recaratulada y avanza hacia el juicio. Seg\u00fan [&hellip;]<\/p>\n","protected":false},"author":7,"featured_media":14465,"comment_status":"open","ping_status":"open","sticky":false,"template":"","format":"standard","meta":{"_themeisle_gutenberg_block_has_review":false,"footnotes":""},"categories":[34],"tags":[58],"class_list":["post-14464","post","type-post","status-publish","format-standard","has-post-thumbnail","hentry","category-policiales","tag-jujuy"],"_links":{"self":[{"href":"https:\/\/horapicodigital.com.ar\/index.php\/wp-json\/wp\/v2\/posts\/14464","targetHints":{"allow":["GET"]}}],"collection":[{"href":"https:\/\/horapicodigital.com.ar\/index.php\/wp-json\/wp\/v2\/posts"}],"about":[{"href":"https:\/\/horapicodigital.com.ar\/index.php\/wp-json\/wp\/v2\/types\/post"}],"author":[{"embeddable":true,"href":"https:\/\/horapicodigital.com.ar\/index.php\/wp-json\/wp\/v2\/users\/7"}],"replies":[{"embeddable":true,"href":"https:\/\/horapicodigital.com.ar\/index.php\/wp-json\/wp\/v2\/comments?post=14464"}],"version-history":[{"count":1,"href":"https:\/\/horapicodigital.com.ar\/index.php\/wp-json\/wp\/v2\/posts\/14464\/revisions"}],"predecessor-version":[{"id":14466,"href":"https:\/\/horapicodigital.com.ar\/index.php\/wp-json\/wp\/v2\/posts\/14464\/revisions\/14466"}],"wp:featuredmedia":[{"embeddable":true,"href":"https:\/\/horapicodigital.com.ar\/index.php\/wp-json\/wp\/v2\/media\/14465"}],"wp:attachment":[{"href":"https:\/\/horapicodigital.com.ar\/index.php\/wp-json\/wp\/v2\/media?parent=14464"}],"wp:term":[{"taxonomy":"category","embeddable":true,"href":"https:\/\/horapicodigital.com.ar\/index.php\/wp-json\/wp\/v2\/categories?post=14464"},{"taxonomy":"post_tag","embeddable":true,"href":"https:\/\/horapicodigital.com.ar\/index.php\/wp-json\/wp\/v2\/tags?post=14464"}],"curies":[{"name":"wp","href":"https:\/\/api.w.org\/{rel}","templated":true}]}}