{"id":14456,"date":"2025-05-30T09:36:01","date_gmt":"2025-05-30T12:36:01","guid":{"rendered":"https:\/\/horapicodigital.com.ar\/?p=14456"},"modified":"2025-05-30T09:36:07","modified_gmt":"2025-05-30T12:36:07","slug":"castro-y-perez-fueron-alojados-en-el-penal-de-gorriti-como-supuestos-autores-de-la-muerte-de-tamara","status":"publish","type":"post","link":"https:\/\/horapicodigital.com.ar\/index.php\/2025\/05\/30\/castro-y-perez-fueron-alojados-en-el-penal-de-gorriti-como-supuestos-autores-de-la-muerte-de-tamara\/","title":{"rendered":"CASTRO Y PEREZ, FUERON ALOJADOS EN EL PENAL DE GORRITI, COMO SUPUESTOS AUTORES DE LA MUERTE DE TAMARA"},"content":{"rendered":"\n<p>Diego Castro Guerrero y Esteban P\u00e9rez ( alias Pitin) acusados de la cruenta muerte de Tamara Fierro, ocurrida el s\u00e1bado 24 mayo en la casa del imputado Diego Castro, ingresaron pasadas las 16:30 al penal de Gorriiti en la capital juje\u00f1a.<\/p>\n\n\n\n<p>El fiscal Lian Resua a cargo de la IPP ( Investigaci\u00f3n Penal Preparatoria), seg\u00fan fuentes consultadas, solicitar\u00e1 en la jornada del viernes prisi\u00f3n preventiva por un termin\u00f3 de cuatro meses para los dos acusados del Femicidio de Tamara Fierro.<\/p>\n\n\n\n<p>Seg\u00fan se desliz\u00f3 ambos imputados se abstendran de declarar y designaran abogado defensor del MPA. El m\u00f3vil del crimen est\u00e1 siendo investigado y no se descarta que con el pasar de los d\u00edas se realicen nuevas detenciones por encubrimiento o como participes primarios y secundarios de la muerte, desmembramiento, y calcinaci\u00f3n de los restos de Tamara Fierro de 29 a\u00f1os de edad.<\/p>\n\n\n<div class=\"wp-block-image\">\n<figure class=\"aligncenter size-full\"><img loading=\"lazy\" decoding=\"async\" width=\"404\" height=\"617\" src=\"https:\/\/horapicodigital.com.ar\/wp-content\/uploads\/2025\/05\/5c48c09e-6a34-4904-b2f7-37e43f5720de.jpg\" alt=\"\" class=\"wp-image-14457\" srcset=\"https:\/\/horapicodigital.com.ar\/wp-content\/uploads\/2025\/05\/5c48c09e-6a34-4904-b2f7-37e43f5720de.jpg 404w, https:\/\/horapicodigital.com.ar\/wp-content\/uploads\/2025\/05\/5c48c09e-6a34-4904-b2f7-37e43f5720de-196x300.jpg 196w\" sizes=\"auto, (max-width: 404px) 100vw, 404px\" \/><\/figure>\n<\/div>\n\n<div class=\"wp-block-image\">\n<figure class=\"aligncenter size-full\"><img loading=\"lazy\" decoding=\"async\" width=\"632\" height=\"914\" src=\"https:\/\/horapicodigital.com.ar\/wp-content\/uploads\/2025\/05\/f99c3755-dd35-4919-9fdd-dc627074929b.jpg\" alt=\"\" class=\"wp-image-14458\" srcset=\"https:\/\/horapicodigital.com.ar\/wp-content\/uploads\/2025\/05\/f99c3755-dd35-4919-9fdd-dc627074929b.jpg 632w, https:\/\/horapicodigital.com.ar\/wp-content\/uploads\/2025\/05\/f99c3755-dd35-4919-9fdd-dc627074929b-207x300.jpg 207w\" sizes=\"auto, (max-width: 632px) 100vw, 632px\" \/><\/figure>\n<\/div>","protected":false},"excerpt":{"rendered":"<p>Diego Castro Guerrero y Esteban P\u00e9rez ( alias Pitin) acusados de la cruenta muerte de Tamara Fierro, ocurrida el s\u00e1bado 24 mayo en la casa del imputado Diego Castro, ingresaron pasadas las 16:30 al penal de Gorriiti en la capital juje\u00f1a. El fiscal Lian Resua a cargo de la IPP ( Investigaci\u00f3n Penal Preparatoria), seg\u00fan [&hellip;]<\/p>\n","protected":false},"author":7,"featured_media":14459,"comment_status":"open","ping_status":"open","sticky":false,"template":"","format":"standard","meta":{"_themeisle_gutenberg_block_has_review":false,"footnotes":""},"categories":[34],"tags":[58],"class_list":["post-14456","post","type-post","status-publish","format-standard","has-post-thumbnail","hentry","category-policiales","tag-jujuy"],"_links":{"self":[{"href":"https:\/\/horapicodigital.com.ar\/index.php\/wp-json\/wp\/v2\/posts\/14456","targetHints":{"allow":["GET"]}}],"collection":[{"href":"https:\/\/horapicodigital.com.ar\/index.php\/wp-json\/wp\/v2\/posts"}],"about":[{"href":"https:\/\/horapicodigital.com.ar\/index.php\/wp-json\/wp\/v2\/types\/post"}],"author":[{"embeddable":true,"href":"https:\/\/horapicodigital.com.ar\/index.php\/wp-json\/wp\/v2\/users\/7"}],"replies":[{"embeddable":true,"href":"https:\/\/horapicodigital.com.ar\/index.php\/wp-json\/wp\/v2\/comments?post=14456"}],"version-history":[{"count":1,"href":"https:\/\/horapicodigital.com.ar\/index.php\/wp-json\/wp\/v2\/posts\/14456\/revisions"}],"predecessor-version":[{"id":14460,"href":"https:\/\/horapicodigital.com.ar\/index.php\/wp-json\/wp\/v2\/posts\/14456\/revisions\/14460"}],"wp:featuredmedia":[{"embeddable":true,"href":"https:\/\/horapicodigital.com.ar\/index.php\/wp-json\/wp\/v2\/media\/14459"}],"wp:attachment":[{"href":"https:\/\/horapicodigital.com.ar\/index.php\/wp-json\/wp\/v2\/media?parent=14456"}],"wp:term":[{"taxonomy":"category","embeddable":true,"href":"https:\/\/horapicodigital.com.ar\/index.php\/wp-json\/wp\/v2\/categories?post=14456"},{"taxonomy":"post_tag","embeddable":true,"href":"https:\/\/horapicodigital.com.ar\/index.php\/wp-json\/wp\/v2\/tags?post=14456"}],"curies":[{"name":"wp","href":"https:\/\/api.w.org\/{rel}","templated":true}]}}