{"id":14440,"date":"2025-05-29T10:05:15","date_gmt":"2025-05-29T13:05:15","guid":{"rendered":"https:\/\/horapicodigital.com.ar\/?p=14440"},"modified":"2025-05-29T10:05:21","modified_gmt":"2025-05-29T13:05:21","slug":"festeja-con-papa-vuelve-la-promo-dia-del-padre","status":"publish","type":"post","link":"https:\/\/horapicodigital.com.ar\/index.php\/2025\/05\/29\/festeja-con-papa-vuelve-la-promo-dia-del-padre\/","title":{"rendered":"Festej\u00e1 con Pap\u00e1 Vuelve la promo D\u00eda del Padre"},"content":{"rendered":"\n<p>Del 7 al 15 de junio, la Uni\u00f3n Empresarios de Jujuy, a trav\u00e9s de su Centro Comercial Tacita de Plata, lanza la 5ta edici\u00f3n de \u201cFestej\u00e1 con Pap\u00e1\u201d, una propuesta que impulsa las promociones comerciales y premia a los consumidores con \u00f3rdenes de compra.<\/p>\n\n\n\n<p>La Uni\u00f3n Empresarios de Jujuy (UEJ), a trav\u00e9s de su Centro Comercial Tacita de Plata, en conjunto con CAME y el Municipio de San Salvador, presenta una nueva edici\u00f3n de la campa\u00f1a \u201cFestej\u00e1 con Pap\u00e1\u201d, que busca acompa\u00f1ar a los comercios locales en una de las fechas m\u00e1s importantes del calendario comercial: el D\u00eda del Padre.<\/p>\n\n\n\n<p>Las promociones tendr\u00e1n lugar del 7 al 15 de junio e invita a los negocios de la ciudad a sumarse brindando promociones, identific\u00e1ndose con material gr\u00e1fico y facilitando la participaci\u00f3n de sus clientes en el sorteo de 5 \u00f3rdenes de compra por el valor de $50.000, gracias a un fondo especial dispuesto por CAME.<\/p>\n\n\n\n<p>Las personas que compren en los comercios adheridos podr\u00e1n escanear un c\u00f3digo QR visible en los locales, completar un breve formulario y quedar autom\u00e1ticamente inscriptas en el sorteo, que se realizar\u00e1 el 17 de junio a las 18 h. Los ganadores ser\u00e1n contactados por los medios registrados y anunciados en las redes de UEJ.<\/p>\n\n\n\n<p>\u00bfC\u00f3mo pueden sumarse a la campa\u00f1a los comercios?<\/p>\n\n\n\n<p>Los comercios pueden inscribirse hasta el 4 de junio, completando el siguiente formulario: <a href=\"https:\/\/forms.gle\/1LiG27c8PagghwNM6\">https:\/\/forms.gle\/1LiG27c8PagghwNM6<\/a><\/p>\n\n\n\n<p>Es requisito exhibir el flyer con el QR de la promo, aceptar todos los medios de pago y realizar un aporte \u00fanico de $7.000 (Alias: gota.chasis.niebla).<\/p>\n\n\n\n<p>Los negocios participantes contar\u00e1n con visibilidad especial durante toda la campa\u00f1a, potenciando as\u00ed sus ventas y conexi\u00f3n con los clientes.<\/p>\n\n\n\n<p>Unidos por el comercio local, celebramos a Pap\u00e1 con regalos, visitas, desayunos y muchas oportunidades.<\/p>\n\n\n\n<p>Sobre el sorteo Podr\u00e1n participar quienes realicen compras en los locales adheridos a la promo y que se hayan registrado correctamente.<\/p>\n\n\n\n<p>El sorteo se realizar\u00e1 el d\u00eda 17 de junio a las 18 horas, a trav\u00e9s del sistema interno\/software que seleccionar\u00e1 a los ganadores de manera aleatoria. Los ganadores ser\u00e1n notificados por correo electr\u00f3nico o mediante otro medio de contacto proporcionado durante el registro, el d\u00eda 17\/06\/2025. Los nombres de los ganadores ser\u00e1n publicados en las redes sociales de Uni\u00f3n Empresarios de Jujuy.<\/p>\n\n\n\n<p>Las \u00f3rdenes de compra ser\u00e1n entregadas en Uni\u00f3n Empresarios (Belgrano 860 1er piso de 18 a 20.30 horas) del 18 al 24 de junio a los ganadores presentando su DNI.<\/p>\n\n\n\n<p>Toda la informaci\u00f3n proporcionada durante el registro ser\u00e1 tratada de manera confidencial.<\/p>\n\n\n\n<p>M\u00e1s informaci\u00f3n comunicarse al tel. 3884120424<\/p>\n","protected":false},"excerpt":{"rendered":"<p>Del 7 al 15 de junio, la Uni\u00f3n Empresarios de Jujuy, a trav\u00e9s de su Centro Comercial Tacita de Plata, lanza la 5ta edici\u00f3n de \u201cFestej\u00e1 con Pap\u00e1\u201d, una propuesta que impulsa las promociones comerciales y premia a los consumidores con \u00f3rdenes de compra. La Uni\u00f3n Empresarios de Jujuy (UEJ), a trav\u00e9s de su Centro [&hellip;]<\/p>\n","protected":false},"author":7,"featured_media":14441,"comment_status":"open","ping_status":"open","sticky":false,"template":"","format":"standard","meta":{"_themeisle_gutenberg_block_has_review":false,"footnotes":""},"categories":[2714,118],"tags":[58],"class_list":["post-14440","post","type-post","status-publish","format-standard","has-post-thumbnail","hentry","category-shows-y-eventos","category-sociedad","tag-jujuy"],"_links":{"self":[{"href":"https:\/\/horapicodigital.com.ar\/index.php\/wp-json\/wp\/v2\/posts\/14440","targetHints":{"allow":["GET"]}}],"collection":[{"href":"https:\/\/horapicodigital.com.ar\/index.php\/wp-json\/wp\/v2\/posts"}],"about":[{"href":"https:\/\/horapicodigital.com.ar\/index.php\/wp-json\/wp\/v2\/types\/post"}],"author":[{"embeddable":true,"href":"https:\/\/horapicodigital.com.ar\/index.php\/wp-json\/wp\/v2\/users\/7"}],"replies":[{"embeddable":true,"href":"https:\/\/horapicodigital.com.ar\/index.php\/wp-json\/wp\/v2\/comments?post=14440"}],"version-history":[{"count":1,"href":"https:\/\/horapicodigital.com.ar\/index.php\/wp-json\/wp\/v2\/posts\/14440\/revisions"}],"predecessor-version":[{"id":14442,"href":"https:\/\/horapicodigital.com.ar\/index.php\/wp-json\/wp\/v2\/posts\/14440\/revisions\/14442"}],"wp:featuredmedia":[{"embeddable":true,"href":"https:\/\/horapicodigital.com.ar\/index.php\/wp-json\/wp\/v2\/media\/14441"}],"wp:attachment":[{"href":"https:\/\/horapicodigital.com.ar\/index.php\/wp-json\/wp\/v2\/media?parent=14440"}],"wp:term":[{"taxonomy":"category","embeddable":true,"href":"https:\/\/horapicodigital.com.ar\/index.php\/wp-json\/wp\/v2\/categories?post=14440"},{"taxonomy":"post_tag","embeddable":true,"href":"https:\/\/horapicodigital.com.ar\/index.php\/wp-json\/wp\/v2\/tags?post=14440"}],"curies":[{"name":"wp","href":"https:\/\/api.w.org\/{rel}","templated":true}]}}