{"id":14431,"date":"2025-05-29T09:44:42","date_gmt":"2025-05-29T12:44:42","guid":{"rendered":"https:\/\/horapicodigital.com.ar\/?p=14431"},"modified":"2025-05-29T09:44:48","modified_gmt":"2025-05-29T12:44:48","slug":"el-carmen-celebro-el-dia-de-los-jardines-y-del-docente-de-nivel-inicial","status":"publish","type":"post","link":"https:\/\/horapicodigital.com.ar\/index.php\/2025\/05\/29\/el-carmen-celebro-el-dia-de-los-jardines-y-del-docente-de-nivel-inicial\/","title":{"rendered":"El Carmen celebr\u00f3 el D\u00eda de los Jardines y del docente de Nivel Inicial"},"content":{"rendered":"\n<h2 class=\"wp-block-heading\">La ciudad de El Carmen celebr\u00f3 el D\u00eda de los Jardines de Infantes y Docentes de Nivel Inicial, homenajeando a quienes construyen d\u00eda a d\u00eda los cimientos de la educaci\u00f3n desde las primeras infancias.<\/h2>\n\n\n\n<p>La ceremonia protocolar se realiz\u00f3 en el sal\u00f3n de la Escuela Primaria N\u00ba 6 \u201cDr. Joaqu\u00edn Carrillo\u201d, donde se dio inicio con la entrada de las banderas de ceremonia Nacional y de la Libertad Civil, portadas por los abanderados del IES N\u00ba 6 y de la instituci\u00f3n anfitriona.<\/p>\n\n\n\n<p>Uno de los momentos m\u00e1s emotivos del acto fue el cierre art\u00edstico a cargo de los estudiantes del JI N\u00ba 20, quienes desplegaron un n\u00famero lleno de brillo, m\u00fasica y ternura, que arranc\u00f3 aplausos y sonrisas del p\u00fablico presente.<\/p>\n\n\n\n<p>En su alocuci\u00f3n, la directora de Nivel Inicial del Ministerio de Educaci\u00f3n, Carolina Lui Saravia, destac\u00f3 la importancia y sensibilidad del trabajo que se realiza en esta etapa.<\/p>\n\n\n\n<p>\u201cQuienes trabajamos con el primer eslab\u00f3n del sistema educativo sabemos de la delicada tarea que implica educar a beb\u00e9s, ni\u00f1os y ni\u00f1as, y la dedicaci\u00f3n que requiere. Solo quienes estamos en esto sabemos que la educaci\u00f3n cambia a las personas, por eso seguimos eligiendo d\u00eda a d\u00eda esta noble profesi\u00f3n\u201d.&nbsp;<\/p>\n\n\n\n<p>Lui Saravia tambi\u00e9n rindi\u00f3 homenaje a Rosario Vera Pe\u00f1aloza, fundadora del primer jard\u00edn de infantes argentino, y reafirm\u00f3 el compromiso de fortalecer el nivel inicial como espacio de cuidado y garant\u00eda de derechos.&nbsp;<\/p>\n\n\n\n<p>El secretario de Pol\u00edticas Socioeducativas, Julio Alarc\u00f3n, brind\u00f3 un cordial saludo por parte de la ministra Miriam Serrano y subray\u00f3 el respaldo del Gobierno provincial al trabajo de docentes y equipos pedag\u00f3gicos.&nbsp;<\/p>\n\n\n\n<p>\u201cEl nivel inicial cumple una funci\u00f3n esencial en la construcci\u00f3n del futuro, no solo en lo pedag\u00f3gico sino tambi\u00e9n en la formaci\u00f3n de una sociedad m\u00e1s justa e igualitaria. Cada nuevo edificio inaugurado o refaccionado es prueba concreta de ese compromiso\u201d.&nbsp;<\/p>\n\n\n\n<p>Por su parte, el intendente local V\u00edctor Hugo Gonz\u00e1lez, acerc\u00f3 los saludos del gobernador Carlos Sadir y el vicegobernador Alberto Bernis, y agradeci\u00f3 especialmente a quienes se dedican a la formaci\u00f3n de los m\u00e1s peque\u00f1os.&nbsp;<\/p>\n\n\n\n<p>Tras el acto, la fiesta continu\u00f3 con un colorido desfile por las calles aleda\u00f1as a la Plaza Domingo Te\u00f3filo P\u00e9rez, donde participaron jardines maternales, centros de desarrollo infantil, institutos de formaci\u00f3n docente y jardines de infantes, todos con sus mejores galas. Fue una verdadera celebraci\u00f3n del amor por la infancia, con trajes tem\u00e1ticos, pancartas coloridas y un gran acompa\u00f1amiento de las familias carmenses.<\/p>\n\n\n\n<p><\/p>\n\n\n\n<p><\/p>\n","protected":false},"excerpt":{"rendered":"<p>La ciudad de El Carmen celebr\u00f3 el D\u00eda de los Jardines de Infantes y Docentes de Nivel Inicial, homenajeando a quienes construyen d\u00eda a d\u00eda los cimientos de la educaci\u00f3n desde las primeras infancias. La ceremonia protocolar se realiz\u00f3 en el sal\u00f3n de la Escuela Primaria N\u00ba 6 \u201cDr. Joaqu\u00edn Carrillo\u201d, donde se dio inicio [&hellip;]<\/p>\n","protected":false},"author":7,"featured_media":14432,"comment_status":"open","ping_status":"open","sticky":false,"template":"","format":"standard","meta":{"_themeisle_gutenberg_block_has_review":false,"footnotes":""},"categories":[118],"tags":[58],"class_list":["post-14431","post","type-post","status-publish","format-standard","has-post-thumbnail","hentry","category-sociedad","tag-jujuy"],"_links":{"self":[{"href":"https:\/\/horapicodigital.com.ar\/index.php\/wp-json\/wp\/v2\/posts\/14431","targetHints":{"allow":["GET"]}}],"collection":[{"href":"https:\/\/horapicodigital.com.ar\/index.php\/wp-json\/wp\/v2\/posts"}],"about":[{"href":"https:\/\/horapicodigital.com.ar\/index.php\/wp-json\/wp\/v2\/types\/post"}],"author":[{"embeddable":true,"href":"https:\/\/horapicodigital.com.ar\/index.php\/wp-json\/wp\/v2\/users\/7"}],"replies":[{"embeddable":true,"href":"https:\/\/horapicodigital.com.ar\/index.php\/wp-json\/wp\/v2\/comments?post=14431"}],"version-history":[{"count":1,"href":"https:\/\/horapicodigital.com.ar\/index.php\/wp-json\/wp\/v2\/posts\/14431\/revisions"}],"predecessor-version":[{"id":14433,"href":"https:\/\/horapicodigital.com.ar\/index.php\/wp-json\/wp\/v2\/posts\/14431\/revisions\/14433"}],"wp:featuredmedia":[{"embeddable":true,"href":"https:\/\/horapicodigital.com.ar\/index.php\/wp-json\/wp\/v2\/media\/14432"}],"wp:attachment":[{"href":"https:\/\/horapicodigital.com.ar\/index.php\/wp-json\/wp\/v2\/media?parent=14431"}],"wp:term":[{"taxonomy":"category","embeddable":true,"href":"https:\/\/horapicodigital.com.ar\/index.php\/wp-json\/wp\/v2\/categories?post=14431"},{"taxonomy":"post_tag","embeddable":true,"href":"https:\/\/horapicodigital.com.ar\/index.php\/wp-json\/wp\/v2\/tags?post=14431"}],"curies":[{"name":"wp","href":"https:\/\/api.w.org\/{rel}","templated":true}]}}