{"id":14421,"date":"2025-05-29T09:27:16","date_gmt":"2025-05-29T12:27:16","guid":{"rendered":"https:\/\/horapicodigital.com.ar\/?p=14421"},"modified":"2025-05-29T09:27:22","modified_gmt":"2025-05-29T12:27:22","slug":"caso-tamara-fierro-uno-de-los-detenidos-atento-contra-su-vida-y-esta-internado","status":"publish","type":"post","link":"https:\/\/horapicodigital.com.ar\/index.php\/2025\/05\/29\/caso-tamara-fierro-uno-de-los-detenidos-atento-contra-su-vida-y-esta-internado\/","title":{"rendered":"Caso Tamara Fierro: uno de los detenidos atent\u00f3 contra su vida y est\u00e1 internado"},"content":{"rendered":"\n<p>Uno de los detenidos por la desaparici\u00f3n de\u00a0<strong>Tamara Fierro atent\u00f3 contra su vida<\/strong>\u00a0y est\u00e1 internado en San Pedro de Jujuy.<\/p>\n\n\n\n<p>Uno de los detenidos por el\u00a0<strong>caso\u00a0Tamara Fierro<\/strong>\u00a0<strong>atent\u00f3 contra su vida durante las \u00faltimas horas y debi\u00f3 ser internado en el hospital Paterson de San Pedro de Jujuy<\/strong>. Se trata del joven que est\u00e1 acusado como c\u00f3mplice en la causa que se investiga como femicidio.<\/p>\n\n\n\n<p><strong>El hombre est\u00e1 imputado con la car\u00e1tula de \u00abEncubrimiento agravado\u00bb<\/strong>, mientras que el otro que permanece detenido tiene la car\u00e1tula por \u00ab<strong>Homicidio calificado, por circunstancia de g\u00e9nero y ensa\u00f1amiento<\/strong>\u00ab, seg\u00fan detall\u00f3 el fiscal que investiga el caso, Ernesto L\u00edan Res\u00faa.<\/p>\n\n\n\n<p><strong>Al sospechoso se le aplic\u00f3 protocolo de suicidio<\/strong>, y qued\u00f3 internado con&nbsp;<strong>custodia policial<\/strong>. El pr\u00f3ximo&nbsp;<strong>viernes se har\u00e1 la audiencia para informarle los cargos tanto al acusado por el asesinato como al c\u00f3mplice<\/strong>, seg\u00fan adelantaron fuentes de la investigaci\u00f3n.<\/p>\n\n\n\n<p>Seg\u00fan la investigaci\u00f3n preliminar,&nbsp;<strong>se trat\u00f3 de un hecho aislado de g\u00e9nero donde no exist\u00eda una relaci\u00f3n previa<\/strong>, es decir no hab\u00eda una relaci\u00f3n sentimental entre los acusados y la v\u00edctima. Para la fiscal\u00eda, hay evidencia suficiente para apuntarlos como los autores del homicidio.<\/p>\n\n\n\n<h2 class=\"wp-block-heading\">Los otros demorados por la desaparici\u00f3n de Tamara Fierro<\/h2>\n\n\n\n<p>En la causa que busca determinar la desaparici\u00f3n de la joven en Fraile Pintado,&nbsp;<strong>hab\u00eda cinco detenidos y tres recuperaron la libertad<\/strong>. El fiscal aclar\u00f3 que tras la investigaci\u00f3n inicial, se las liber\u00f3 \u00abconsiderando que se logr\u00f3 recolectar evidencias y testimonios para llegar al autor y encubridor del caso\u00bb.<\/p>\n\n\n\n<p><strong>El funcionario de la justicia agreg\u00f3 que est\u00e1n aprehendidas dos personas, \u201cel autor y el encubridor\u00bb<\/strong>, y dijo que a los dos detenidos \u00abse los someti\u00f3 al proceso correspondiente donde se estableci\u00f3 su responsabilidad en el caso\u00bb, y se solicit\u00f3 la audiencia pertinente para disponer de \u00abla prisi\u00f3n preventiva\u00bb. Detall\u00f3 que\u00a0<strong>\u00aba m\u00e1s tardar el pr\u00f3ximo viernes se conocer\u00e1n los resultados del ADN de los restos \u00f3seos\u00bb<\/strong>\u00a0hallados en el matadero de Fraile Pintado.<\/p>\n\n\n\n<p><\/p>\n","protected":false},"excerpt":{"rendered":"<p>Uno de los detenidos por la desaparici\u00f3n de\u00a0Tamara Fierro atent\u00f3 contra su vida\u00a0y est\u00e1 internado en San Pedro de Jujuy. Uno de los detenidos por el\u00a0caso\u00a0Tamara Fierro\u00a0atent\u00f3 contra su vida durante las \u00faltimas horas y debi\u00f3 ser internado en el hospital Paterson de San Pedro de Jujuy. Se trata del joven que est\u00e1 acusado como [&hellip;]<\/p>\n","protected":false},"author":7,"featured_media":14422,"comment_status":"open","ping_status":"open","sticky":false,"template":"","format":"standard","meta":{"_themeisle_gutenberg_block_has_review":false,"footnotes":""},"categories":[34],"tags":[58,85],"class_list":["post-14421","post","type-post","status-publish","format-standard","has-post-thumbnail","hentry","category-policiales","tag-jujuy","tag-pais"],"_links":{"self":[{"href":"https:\/\/horapicodigital.com.ar\/index.php\/wp-json\/wp\/v2\/posts\/14421","targetHints":{"allow":["GET"]}}],"collection":[{"href":"https:\/\/horapicodigital.com.ar\/index.php\/wp-json\/wp\/v2\/posts"}],"about":[{"href":"https:\/\/horapicodigital.com.ar\/index.php\/wp-json\/wp\/v2\/types\/post"}],"author":[{"embeddable":true,"href":"https:\/\/horapicodigital.com.ar\/index.php\/wp-json\/wp\/v2\/users\/7"}],"replies":[{"embeddable":true,"href":"https:\/\/horapicodigital.com.ar\/index.php\/wp-json\/wp\/v2\/comments?post=14421"}],"version-history":[{"count":1,"href":"https:\/\/horapicodigital.com.ar\/index.php\/wp-json\/wp\/v2\/posts\/14421\/revisions"}],"predecessor-version":[{"id":14423,"href":"https:\/\/horapicodigital.com.ar\/index.php\/wp-json\/wp\/v2\/posts\/14421\/revisions\/14423"}],"wp:featuredmedia":[{"embeddable":true,"href":"https:\/\/horapicodigital.com.ar\/index.php\/wp-json\/wp\/v2\/media\/14422"}],"wp:attachment":[{"href":"https:\/\/horapicodigital.com.ar\/index.php\/wp-json\/wp\/v2\/media?parent=14421"}],"wp:term":[{"taxonomy":"category","embeddable":true,"href":"https:\/\/horapicodigital.com.ar\/index.php\/wp-json\/wp\/v2\/categories?post=14421"},{"taxonomy":"post_tag","embeddable":true,"href":"https:\/\/horapicodigital.com.ar\/index.php\/wp-json\/wp\/v2\/tags?post=14421"}],"curies":[{"name":"wp","href":"https:\/\/api.w.org\/{rel}","templated":true}]}}