{"id":14415,"date":"2025-05-29T09:17:21","date_gmt":"2025-05-29T12:17:21","guid":{"rendered":"https:\/\/horapicodigital.com.ar\/?p=14415"},"modified":"2025-05-29T09:17:26","modified_gmt":"2025-05-29T12:17:26","slug":"femicidio-en-fraile-pintado-pido-a-la-justicia-que-traten-de-detectar-a-los-culpables-de-estas-atrocidades","status":"publish","type":"post","link":"https:\/\/horapicodigital.com.ar\/index.php\/2025\/05\/29\/femicidio-en-fraile-pintado-pido-a-la-justicia-que-traten-de-detectar-a-los-culpables-de-estas-atrocidades\/","title":{"rendered":"Femicidio en Fraile Pintado: \u00abpido a la Justicia que traten de detectar a los culpables de estas atrocidades\u00bb"},"content":{"rendered":"\n<p>El gobernador de la provincia, Carlos Sadir, habl\u00f3 sobre los recientes casos de femicidio en Jujuy, y el \u00faltimo en Fraile Pintado.<\/p>\n\n\n\n<p>En las \u00faltimas horas,\u00a0el caso de\u00a0<strong>Tamara Fierro en Fraile Pintado es\u00a0<\/strong>el centro de la informaci\u00f3n; un nuevo caso de femicidio que conmociona a todo Jujuy donde la familia, los vecinos y una provincia esperan la verdad.<\/p>\n\n\n\n<h2 class=\"wp-block-heading\">Carlos Sadir: \u00ab<strong>conocer r\u00e1pidamente quienes son los responsables y que se haga justicia\u00bb<\/strong><\/h2>\n\n\n\n<p>Teniendo presente esta situaci\u00f3n que alarma a los juje\u00f1os,\u00a0<strong><em>Canal 4 y Todojujuy.com<\/em><\/strong>\u00a0pudo dialogar con el\u00a0<strong>gobernador Carlos Sadir<\/strong>\u00a0sobre el tema, quien expres\u00f3, \u201cEs muy lamentable y muy doloroso; y por supuesto lo que\u00a0<strong>s\u00ed pido es que la Justicia y todos los que est\u00e1n en la investigaci\u00f3n del caso, traten de arribar r\u00e1pidamente a detectar quienes son los culpables de estas atrocidades\u201d\u00a0<\/strong>dec\u00eda el gobernador a lo que continu\u00f3<strong>, \u201c<\/strong>En esto les pido a todos; a la Justicia, a la Polic\u00eda, a quienes est\u00e1n investigando;\u00a0<strong>tratar de conocer r\u00e1pidamente quienes son los responsables y que se haga justicia\u00a0<\/strong>y obviamente lamentar los casos de femicidio y el \u00faltimo, por supuesto, que hoy est\u00e1 en investigaci\u00f3n\u201d<\/p>\n\n\n\n<h2 class=\"wp-block-heading\">Sobre el caso de Tamara Fierro en Fraile Pintado<\/h2>\n\n\n\n<p>En la ma\u00f1ana de hoy, el fiscal Ernesto L\u00edan Res\u00faa, quien lleva adelante el caso de Tamara Fierro, la joven que desapareci\u00f3 el pasado fin de semana en Fraile Pintado, confirm\u00f3 a TodoJujuy.com que&nbsp;<strong>de los cinco demorados dos de ellos contin\u00faan aprendidos por ser considerados como \u00abel autor y encubridor del hecho\u00bb<\/strong>.<\/p>\n\n\n\n<p>En ese contexto, precis\u00f3 que se gener\u00f3 \u00abuna confusi\u00f3n\u00bb porque aquellas personas que estaban demoradas, luego de 48 horas tal cual lo determina el C\u00f3digo Procesal.<\/p>\n\n\n\n<p><\/p>\n","protected":false},"excerpt":{"rendered":"<p>El gobernador de la provincia, Carlos Sadir, habl\u00f3 sobre los recientes casos de femicidio en Jujuy, y el \u00faltimo en Fraile Pintado. En las \u00faltimas horas,\u00a0el caso de\u00a0Tamara Fierro en Fraile Pintado es\u00a0el centro de la informaci\u00f3n; un nuevo caso de femicidio que conmociona a todo Jujuy donde la familia, los vecinos y una provincia [&hellip;]<\/p>\n","protected":false},"author":7,"featured_media":14416,"comment_status":"open","ping_status":"open","sticky":false,"template":"","format":"standard","meta":{"_themeisle_gutenberg_block_has_review":false,"footnotes":""},"categories":[34],"tags":[58],"class_list":["post-14415","post","type-post","status-publish","format-standard","has-post-thumbnail","hentry","category-policiales","tag-jujuy"],"_links":{"self":[{"href":"https:\/\/horapicodigital.com.ar\/index.php\/wp-json\/wp\/v2\/posts\/14415","targetHints":{"allow":["GET"]}}],"collection":[{"href":"https:\/\/horapicodigital.com.ar\/index.php\/wp-json\/wp\/v2\/posts"}],"about":[{"href":"https:\/\/horapicodigital.com.ar\/index.php\/wp-json\/wp\/v2\/types\/post"}],"author":[{"embeddable":true,"href":"https:\/\/horapicodigital.com.ar\/index.php\/wp-json\/wp\/v2\/users\/7"}],"replies":[{"embeddable":true,"href":"https:\/\/horapicodigital.com.ar\/index.php\/wp-json\/wp\/v2\/comments?post=14415"}],"version-history":[{"count":1,"href":"https:\/\/horapicodigital.com.ar\/index.php\/wp-json\/wp\/v2\/posts\/14415\/revisions"}],"predecessor-version":[{"id":14417,"href":"https:\/\/horapicodigital.com.ar\/index.php\/wp-json\/wp\/v2\/posts\/14415\/revisions\/14417"}],"wp:featuredmedia":[{"embeddable":true,"href":"https:\/\/horapicodigital.com.ar\/index.php\/wp-json\/wp\/v2\/media\/14416"}],"wp:attachment":[{"href":"https:\/\/horapicodigital.com.ar\/index.php\/wp-json\/wp\/v2\/media?parent=14415"}],"wp:term":[{"taxonomy":"category","embeddable":true,"href":"https:\/\/horapicodigital.com.ar\/index.php\/wp-json\/wp\/v2\/categories?post=14415"},{"taxonomy":"post_tag","embeddable":true,"href":"https:\/\/horapicodigital.com.ar\/index.php\/wp-json\/wp\/v2\/tags?post=14415"}],"curies":[{"name":"wp","href":"https:\/\/api.w.org\/{rel}","templated":true}]}}