{"id":14392,"date":"2025-05-28T09:32:04","date_gmt":"2025-05-28T12:32:04","guid":{"rendered":"https:\/\/horapicodigital.com.ar\/?p=14392"},"modified":"2025-05-28T09:32:09","modified_gmt":"2025-05-28T12:32:09","slug":"cinco-personas-demoradas-por-el-caso-de-la-desaparicion-de-tamara-fierro","status":"publish","type":"post","link":"https:\/\/horapicodigital.com.ar\/index.php\/2025\/05\/28\/cinco-personas-demoradas-por-el-caso-de-la-desaparicion-de-tamara-fierro\/","title":{"rendered":"Cinco personas demoradas por el caso de la desaparici\u00f3n de Tamara Fierro"},"content":{"rendered":"\n<p>As\u00ed lo confirm\u00f3 el fiscal Alfredo Blanco.<\/p>\n\n\n\n<p>El fiscal Alfredo Blanco confirm\u00f3 que cinco personas fueron detenidas en el marco de la investigaci\u00f3n por la desaparici\u00f3n de Tamara Fierro, una joven cuyo \u00faltimo contacto con su familia fue el s\u00e1bado por la ma\u00f1ana. Las detenciones se produjeron luego de allanamientos en viviendas vinculadas a los \u00faltimos momentos en los que la v\u00edctima fue vista.<\/p>\n\n\n\n<h3 class=\"wp-block-heading\"><strong>Cinco sospechosos y testigos reticentes<\/strong><\/h3>\n\n\n\n<p>Blanco explic\u00f3 que los cinco detenidos est\u00e1n \u00absospechados de tener participaci\u00f3n\u00bb en el caso. Entre ellos, se encuentra un hombre que habr\u00eda estado con Fierro consumiendo alcohol antes de su desaparici\u00f3n. Adem\u00e1s, se incautaron im\u00e1genes de c\u00e1maras de seguridad cercanas a su domicilio.<\/p>\n\n\n\n<p>El fiscal tambi\u00e9n revel\u00f3 que varias personas que presuntamente vieron a Fierro antes de que desapareciera se negaron a declarar, por lo que fueron llevadas a declarar por la fuerza. \u00abMuchos no quer\u00edan presentarse\u00bb, afirm\u00f3.<\/p>\n\n\n\n<h3 class=\"wp-block-heading\"><strong>Hallazgo de restos \u00f3seos cerca del matadero<\/strong><\/h3>\n\n\n\n<p>En paralelo a las detenciones, las autoridades realizaron un rastrillaje en las inmediaciones del matadero municipal, zona donde tambi\u00e9n hay un basural y desechos de aserraderos. All\u00ed, alrededor de las 15 horas del lunes, encontraron restos \u00f3seos entre mont\u00edculos de basura en llamas.<\/p>\n\n\n\n<p>\u00abEl trabajo fue complejo por el fuego y la gran cantidad de residuos, pero logramos recuperar los restos para su an\u00e1lisis en la Morgue Judicial\u00bb, detall\u00f3 Blanco. A\u00fan se espera la confirmaci\u00f3n oficial de si corresponden a Tamara Fierro.<\/p>\n\n\n\n<h3 class=\"wp-block-heading\"><strong>La desaparici\u00f3n y la denuncia familiar<\/strong><\/h3>\n\n\n\n<p>La familia de Fierro denunci\u00f3 su desaparici\u00f3n despu\u00e9s de que no regresara el domingo, pese a que supuestamente estar\u00eda participando en las fiestas patronales de Fraile Pintado. Las fuerzas de seguridad activaron de inmediato el protocolo del CINDAC, en coordinaci\u00f3n con el Ministerio P\u00fablico de la Acusaci\u00f3n y la Polic\u00eda.<\/p>\n\n\n\n<p>La investigaci\u00f3n contin\u00faa en desarrollo, a la espera de los resultados forenses y de nuevas declaraciones clave.<\/p>\n","protected":false},"excerpt":{"rendered":"<p>As\u00ed lo confirm\u00f3 el fiscal Alfredo Blanco. El fiscal Alfredo Blanco confirm\u00f3 que cinco personas fueron detenidas en el marco de la investigaci\u00f3n por la desaparici\u00f3n de Tamara Fierro, una joven cuyo \u00faltimo contacto con su familia fue el s\u00e1bado por la ma\u00f1ana. Las detenciones se produjeron luego de allanamientos en viviendas vinculadas a los [&hellip;]<\/p>\n","protected":false},"author":7,"featured_media":14393,"comment_status":"open","ping_status":"open","sticky":false,"template":"","format":"standard","meta":{"_themeisle_gutenberg_block_has_review":false,"footnotes":""},"categories":[34],"tags":[],"class_list":["post-14392","post","type-post","status-publish","format-standard","has-post-thumbnail","hentry","category-policiales"],"_links":{"self":[{"href":"https:\/\/horapicodigital.com.ar\/index.php\/wp-json\/wp\/v2\/posts\/14392","targetHints":{"allow":["GET"]}}],"collection":[{"href":"https:\/\/horapicodigital.com.ar\/index.php\/wp-json\/wp\/v2\/posts"}],"about":[{"href":"https:\/\/horapicodigital.com.ar\/index.php\/wp-json\/wp\/v2\/types\/post"}],"author":[{"embeddable":true,"href":"https:\/\/horapicodigital.com.ar\/index.php\/wp-json\/wp\/v2\/users\/7"}],"replies":[{"embeddable":true,"href":"https:\/\/horapicodigital.com.ar\/index.php\/wp-json\/wp\/v2\/comments?post=14392"}],"version-history":[{"count":1,"href":"https:\/\/horapicodigital.com.ar\/index.php\/wp-json\/wp\/v2\/posts\/14392\/revisions"}],"predecessor-version":[{"id":14394,"href":"https:\/\/horapicodigital.com.ar\/index.php\/wp-json\/wp\/v2\/posts\/14392\/revisions\/14394"}],"wp:featuredmedia":[{"embeddable":true,"href":"https:\/\/horapicodigital.com.ar\/index.php\/wp-json\/wp\/v2\/media\/14393"}],"wp:attachment":[{"href":"https:\/\/horapicodigital.com.ar\/index.php\/wp-json\/wp\/v2\/media?parent=14392"}],"wp:term":[{"taxonomy":"category","embeddable":true,"href":"https:\/\/horapicodigital.com.ar\/index.php\/wp-json\/wp\/v2\/categories?post=14392"},{"taxonomy":"post_tag","embeddable":true,"href":"https:\/\/horapicodigital.com.ar\/index.php\/wp-json\/wp\/v2\/tags?post=14392"}],"curies":[{"name":"wp","href":"https:\/\/api.w.org\/{rel}","templated":true}]}}