{"id":14389,"date":"2025-05-28T09:24:50","date_gmt":"2025-05-28T12:24:50","guid":{"rendered":"https:\/\/horapicodigital.com.ar\/?p=14389"},"modified":"2025-05-28T09:24:56","modified_gmt":"2025-05-28T12:24:56","slug":"reunion-entre-cesar-fernandez-y-carlos-sadir-como-es-el-plan-para-restaurar-la-iglesia-catedral","status":"publish","type":"post","link":"https:\/\/horapicodigital.com.ar\/index.php\/2025\/05\/28\/reunion-entre-cesar-fernandez-y-carlos-sadir-como-es-el-plan-para-restaurar-la-iglesia-catedral\/","title":{"rendered":"Reuni\u00f3n entre C\u00e9sar Fern\u00e1ndez y Carlos Sadir: c\u00f3mo es el plan para restaurar la iglesia Catedral"},"content":{"rendered":"\n<p>Este martes se reunieron el\u00a0<strong>Obispo C\u00e9sar Fern\u00e1ndez y el Gobernador<\/strong>\u00a0para buscar un plan para restaurar la\u00a0<strong>iglesia Catedral<\/strong>.<\/p>\n\n\n\n<p>Este martes el\u00a0<strong>gobernador Carlos Sadir y el obispo de Jujuy\u00a0C\u00e9sar Fern\u00e1ndez<\/strong>\u00a0se reunieron, para entre otros temas, diagramar un\u00a0<strong>plan para recuperar la iglesia Catedral<\/strong>, buscando un plan que permita conseguir los fondos para las obras.<\/p>\n\n\n\n<p><strong>\u201cTuvimos una reuni\u00f3n previa con Horacio Calsina<\/strong>\u00a0(Director General de Arquitectura), que nos asesora en la parte t\u00e9cnica. Nos dijo que tiene que haber primero un\u00a0<strong>diagn\u00f3stico para saber si todas las estructuras de las murallas de la Catedral est\u00e1n da\u00f1adas o no\u201d, dijo Manuel Alfaro<\/strong>, y agreg\u00f3 que con esos datos, ya tendr\u00e1n el presupuesto.<\/p>\n\n\n\n<h2 class=\"wp-block-heading\">Encuentro entre Sadir y C\u00e9sar Fern\u00e1ndez<\/h2>\n\n\n\n<p>Sobre la charla entre el Obispo y el Gobernador, Alfaro detall\u00f3 que&nbsp;<strong>Sadir se mostr\u00f3 \u201cbastante interesado.<\/strong>&nbsp;Dijo que hab\u00eda hablado con el Ministro de Obras P\u00fablicas y con Calcina\u201d, y que era un tema central porque \u201ces de inter\u00e9s de todo nuestro pueblo\u201d.<\/p>\n\n\n\n<p><\/p>\n","protected":false},"excerpt":{"rendered":"<p>Este martes se reunieron el\u00a0Obispo C\u00e9sar Fern\u00e1ndez y el Gobernador\u00a0para buscar un plan para restaurar la\u00a0iglesia Catedral. Este martes el\u00a0gobernador Carlos Sadir y el obispo de Jujuy\u00a0C\u00e9sar Fern\u00e1ndez\u00a0se reunieron, para entre otros temas, diagramar un\u00a0plan para recuperar la iglesia Catedral, buscando un plan que permita conseguir los fondos para las obras. \u201cTuvimos una reuni\u00f3n previa [&hellip;]<\/p>\n","protected":false},"author":7,"featured_media":14390,"comment_status":"open","ping_status":"open","sticky":false,"template":"","format":"standard","meta":{"_themeisle_gutenberg_block_has_review":false,"footnotes":""},"categories":[2724,118],"tags":[58],"class_list":["post-14389","post","type-post","status-publish","format-standard","has-post-thumbnail","hentry","category-entretenimiento","category-sociedad","tag-jujuy"],"_links":{"self":[{"href":"https:\/\/horapicodigital.com.ar\/index.php\/wp-json\/wp\/v2\/posts\/14389","targetHints":{"allow":["GET"]}}],"collection":[{"href":"https:\/\/horapicodigital.com.ar\/index.php\/wp-json\/wp\/v2\/posts"}],"about":[{"href":"https:\/\/horapicodigital.com.ar\/index.php\/wp-json\/wp\/v2\/types\/post"}],"author":[{"embeddable":true,"href":"https:\/\/horapicodigital.com.ar\/index.php\/wp-json\/wp\/v2\/users\/7"}],"replies":[{"embeddable":true,"href":"https:\/\/horapicodigital.com.ar\/index.php\/wp-json\/wp\/v2\/comments?post=14389"}],"version-history":[{"count":1,"href":"https:\/\/horapicodigital.com.ar\/index.php\/wp-json\/wp\/v2\/posts\/14389\/revisions"}],"predecessor-version":[{"id":14391,"href":"https:\/\/horapicodigital.com.ar\/index.php\/wp-json\/wp\/v2\/posts\/14389\/revisions\/14391"}],"wp:featuredmedia":[{"embeddable":true,"href":"https:\/\/horapicodigital.com.ar\/index.php\/wp-json\/wp\/v2\/media\/14390"}],"wp:attachment":[{"href":"https:\/\/horapicodigital.com.ar\/index.php\/wp-json\/wp\/v2\/media?parent=14389"}],"wp:term":[{"taxonomy":"category","embeddable":true,"href":"https:\/\/horapicodigital.com.ar\/index.php\/wp-json\/wp\/v2\/categories?post=14389"},{"taxonomy":"post_tag","embeddable":true,"href":"https:\/\/horapicodigital.com.ar\/index.php\/wp-json\/wp\/v2\/tags?post=14389"}],"curies":[{"name":"wp","href":"https:\/\/api.w.org\/{rel}","templated":true}]}}