{"id":14355,"date":"2025-05-27T09:47:04","date_gmt":"2025-05-27T12:47:04","guid":{"rendered":"https:\/\/horapicodigital.com.ar\/?p=14355"},"modified":"2025-05-27T09:47:09","modified_gmt":"2025-05-27T12:47:09","slug":"jujuy-se-consolida-como-corazon-minero-de-argentina","status":"publish","type":"post","link":"https:\/\/horapicodigital.com.ar\/index.php\/2025\/05\/27\/jujuy-se-consolida-como-corazon-minero-de-argentina\/","title":{"rendered":"Jujuy se consolida como coraz\u00f3n minero de Argentina"},"content":{"rendered":"\n<p>La provincia de Jujuy no solo reafirma su rol protag\u00f3nico en el concierto minero nacional, sino que proyecta su influencia con fuerza en el escenario global. La\u00a0<strong>actividad minera<\/strong>\u00a0se erige hoy como un pilar fundamental para el desarrollo econ\u00f3mico y social de la regi\u00f3n, una realidad que el gobernador\u00a0<strong>Carlos Sadir<\/strong>\u00a0ha destacado con particular \u00e9nfasis.<\/p>\n\n\n\n<p>En su reciente participaci\u00f3n en\u00a0<strong>Arminera 2025<\/strong>, la Exposici\u00f3n Internacional de Miner\u00eda Argentina, el mandatario provincial fue categ\u00f3rico al referirse al \u00abrol central de nuestra provincia en la escena minera nacional y su proyecci\u00f3n internacional\u00bb.<\/p>\n\n\n\n<p>\u00abJujuy es hoy la principal productora de carbonato de litio\u00bb, subray\u00f3&nbsp;<strong>Sadir<\/strong>, dato que resalta la posici\u00f3n de vanguardia que la provincia ha alcanzado en este mineral estrat\u00e9gico.<\/p>\n\n\n\n<p>Las cifras que acompa\u00f1an la afirmaci\u00f3n del mandatario juje\u00f1o son contundentes: se produjeron 50.000 toneladas de litio en 2024, con una capacidad instalada que ya asciende a 80.000 toneladas. Esta capacidad no solo demuestra el potencial productivo de Jujuy, sino que la posiciona como un actor clave en la creciente demanda mundial de este componente esencial para las energ\u00edas limpias.<\/p>\n\n\n\n<p><strong>Sadir<\/strong>&nbsp;tambi\u00e9n puso de manifiesto el \u201cdinamismo de la industria local\u201d. Actualmente existen \u00abdos proyectos en fase de explotaci\u00f3n\u00bb y, lo que es igualmente prometedor, \u00abotros m\u00e1s en etapa de exploraci\u00f3n\u00bb, detall\u00f3. Esta dualidad de proyectos activos y en investigaci\u00f3n subraya la visi\u00f3n a largo plazo de Jujuy, buscando no solo maximizar el valor de sus recursos actuales, sino tambi\u00e9n asegurar un flujo constante de nuevas oportunidades para el futuro.<\/p>\n\n\n\n<h3 class=\"wp-block-heading\">Acuerdo clave entre la provincia y SEGEMAR<\/h3>\n\n\n\n<p>Con el objetivo puesto en potenciar al m\u00e1ximo la actividad minera, el gobernador Carlos Sadir y el titular del Servicio Geol\u00f3gico Minero Argentino (SEGEMAR), Julio Matteo Bruna Novillo, sellaron hoy un trascendental convenio de colaboraci\u00f3n rec\u00edproca que promete impulsar a\u00fan m\u00e1s el desarrollo sostenible del sector en la regi\u00f3n.&nbsp;<\/p>\n\n\n\n<p>Este acuerdo marco abre las puertas a la ejecuci\u00f3n de proyectos de desarrollo, investigaci\u00f3n y capacitaci\u00f3n, pilares fundamentales para una miner\u00eda moderna y responsable. La alianza entre el gobierno provincial y el organismo t\u00e9cnico nacional busca profundizar el conocimiento geol\u00f3gico del territorio juje\u00f1o, optimizando as\u00ed la prospecci\u00f3n y explotaci\u00f3n de sus valiosos recursos.&nbsp;<\/p>\n\n\n\n<p>La miner\u00eda en Jujuy, impulsada por esta visi\u00f3n estrat\u00e9gica de&nbsp;<strong>Sadir<\/strong>, representa mucho m\u00e1s que la extracci\u00f3n de minerales. Es sin\u00f3nimo de inversi\u00f3n, generaci\u00f3n de empleo y desarrollo de infraestructura, elementos cruciales para mejorar la calidad de vida de los juje\u00f1os. Se consolida como un motor de crecimiento que est\u00e1 forjando un camino de progreso sostenible y que posiciona a Argentina en la vanguardia de la transici\u00f3n energ\u00e9tica global.<\/p>\n\n\n\n<p><\/p>\n","protected":false},"excerpt":{"rendered":"<p>La provincia de Jujuy no solo reafirma su rol protag\u00f3nico en el concierto minero nacional, sino que proyecta su influencia con fuerza en el escenario global. La\u00a0actividad minera\u00a0se erige hoy como un pilar fundamental para el desarrollo econ\u00f3mico y social de la regi\u00f3n, una realidad que el gobernador\u00a0Carlos Sadir\u00a0ha destacado con particular \u00e9nfasis. En su [&hellip;]<\/p>\n","protected":false},"author":7,"featured_media":14356,"comment_status":"open","ping_status":"open","sticky":false,"template":"","format":"standard","meta":{"_themeisle_gutenberg_block_has_review":false,"footnotes":""},"categories":[6],"tags":[122,232,58],"class_list":["post-14355","post","type-post","status-publish","format-standard","has-post-thumbnail","hentry","category-economia","tag-carlos-sadir","tag-curiosidades","tag-jujuy"],"_links":{"self":[{"href":"https:\/\/horapicodigital.com.ar\/index.php\/wp-json\/wp\/v2\/posts\/14355","targetHints":{"allow":["GET"]}}],"collection":[{"href":"https:\/\/horapicodigital.com.ar\/index.php\/wp-json\/wp\/v2\/posts"}],"about":[{"href":"https:\/\/horapicodigital.com.ar\/index.php\/wp-json\/wp\/v2\/types\/post"}],"author":[{"embeddable":true,"href":"https:\/\/horapicodigital.com.ar\/index.php\/wp-json\/wp\/v2\/users\/7"}],"replies":[{"embeddable":true,"href":"https:\/\/horapicodigital.com.ar\/index.php\/wp-json\/wp\/v2\/comments?post=14355"}],"version-history":[{"count":1,"href":"https:\/\/horapicodigital.com.ar\/index.php\/wp-json\/wp\/v2\/posts\/14355\/revisions"}],"predecessor-version":[{"id":14357,"href":"https:\/\/horapicodigital.com.ar\/index.php\/wp-json\/wp\/v2\/posts\/14355\/revisions\/14357"}],"wp:featuredmedia":[{"embeddable":true,"href":"https:\/\/horapicodigital.com.ar\/index.php\/wp-json\/wp\/v2\/media\/14356"}],"wp:attachment":[{"href":"https:\/\/horapicodigital.com.ar\/index.php\/wp-json\/wp\/v2\/media?parent=14355"}],"wp:term":[{"taxonomy":"category","embeddable":true,"href":"https:\/\/horapicodigital.com.ar\/index.php\/wp-json\/wp\/v2\/categories?post=14355"},{"taxonomy":"post_tag","embeddable":true,"href":"https:\/\/horapicodigital.com.ar\/index.php\/wp-json\/wp\/v2\/tags?post=14355"}],"curies":[{"name":"wp","href":"https:\/\/api.w.org\/{rel}","templated":true}]}}