{"id":14196,"date":"2025-05-21T06:18:25","date_gmt":"2025-05-21T09:18:25","guid":{"rendered":"https:\/\/horapicodigital.com.ar\/?p=14196"},"modified":"2025-05-21T06:18:31","modified_gmt":"2025-05-21T09:18:31","slug":"enorme-paro-docente-a-pesar-de-la-amenaza-de-descuentos-y-conciliacion-obligatoria-de-kicillof","status":"publish","type":"post","link":"https:\/\/horapicodigital.com.ar\/index.php\/2025\/05\/21\/enorme-paro-docente-a-pesar-de-la-amenaza-de-descuentos-y-conciliacion-obligatoria-de-kicillof\/","title":{"rendered":"Enorme paro docente a pesar de la amenaza de descuentos y conciliaci\u00f3n obligatoria de Kicillof"},"content":{"rendered":"\n<p>Creci\u00f3 el descontento frente a un comunicado del gobierno que amenaza con descuentos y la amenaza de conciliaci\u00f3n obligatoria. FEB tuvo que desconocerla. Las escuelas protagonizan a un masivo paro en rechazo al acuerdo paritario.<\/p>\n\n\n\n<p>Este martes\u00a0<strong>tiene lugar un paro masivo paro en las escuelas de la Provincia de Buenos Aires<\/strong>\u00a0en rechazo al acuerdo entre el gobierno y SUTEBA de un aumento del 10% en cuotas, que se terminar\u00eda de cobrar en el mes de agosto. Son alrededor de 40 mil pesos por cargo a cobrar en junio y entre 16 y 26 mil en agosto. A esto se suma el reclamo de presupuesto para las escuelas y solidaridad con las familias inundadas.<\/p>\n\n\n\n<p>Durante este lunes,<strong>\u00a0el gobierno de Kicillof intent\u00f3 por varios medios amedrentar y desalentar el paro que, sin embargo, fue creciendo en las escuelas<\/strong>. Con un comunicado que amenaza con descuentos, diciendo que el reclamo era \u201carbitrario\u201d, una conferencia de prensa de los funcionarios y\u00a0<strong>a \u00faltima hora dictando la conciliaci\u00f3n obligatoria<\/strong>.<\/p>\n\n\n\n<p>Sin embargo, la fuerza que viene de abajo se sostuvo y la conducci\u00f3n de FEB desconoci\u00f3 la conciliaci\u00f3n y sostuvo el paro que est\u00e1 siendo contundente, con un 95&nbsp;% de adhesi\u00f3n, con muchos colegios dando cuenta de un acatamiento total a la medida de fuerza. La medida se siente con fuerza en todos los niveles educativos.<\/p>\n\n\n\n<p>Desde la&nbsp;<strong>Multicolor se llam\u00f3 a sostener masivamente y rechazar los aprietes del gobierno de la provincia<\/strong>, que no solo condena a la docencia a sueldos de hambre, sino extorsiona para frenar lo inevitable: la&nbsp;<strong>masividad del reclamo<\/strong>.<\/p>\n\n\n\n<p>Ya es una pr\u00e1ctica del gobierno provincial que, frente a los paros de la Multicolor, los declara ilegales y\/o descuenta los ya magros salarios. Esta vez, frente a la adhesi\u00f3n de la FEB por la presi\u00f3n de sus bases, dio un salto y apel\u00f3 a la conciliaci\u00f3n obligatoria, una pr\u00e1ctica antisindical en la que el gobierno es juez y parte, ya que la patronal es la misma que dicta la suspensi\u00f3n de la medida de fuerza. La \u00faltima vez la llam\u00f3 Vidal en 2018, y Baradel la cuestion\u00f3 por ese motivo, aunque hoy se mantiene en silencio totalmente adepto a Kicillof despu\u00e9s de haber firmado la paritaria de hambre.<\/p>\n\n\n\n<p>Que a pesar de todo esto la medida tenga un gran acatamiento en toda la Provincia muestra que fuerza hay, y es necesario debatir en las escuelas la continuidad de las medidas en asambleas de afiliados a todos los gremios que quieran pelear y no afiliados para imponer un plan de lucha serio. Y\u00a0<strong>el jueves 22\/5 movilizar a la convocatoria de CTERA<\/strong>, llevando tambi\u00e9n este reclamo: contra los ataques de Milei y el ajuste de Kicillof, por un salario igual a la canasta familiar por cargo y presupuesto para las escuelas.<\/p>\n\n\n\n<p>Desde&nbsp;<strong>el PTS-Frente de Izquierda, el diputado nacional Nicol\u00e1s del Ca\u00f1o plante\u00f3 el apoyo abierto a esta pelea que lleva adelante la docencia bonaerense<\/strong>. En sus redes se\u00f1al\u00f3 que es una \u00abverg\u00fcenza [que] el gobernador Kicillof\u00bb amenace con descuentos \u00abante el reclamo por los salarios que no alcanzan\u00bb.<\/p>\n\n\n\n<p><\/p>\n","protected":false},"excerpt":{"rendered":"<p>Creci\u00f3 el descontento frente a un comunicado del gobierno que amenaza con descuentos y la amenaza de conciliaci\u00f3n obligatoria. FEB tuvo que desconocerla. Las escuelas protagonizan a un masivo paro en rechazo al acuerdo paritario. Este martes\u00a0tiene lugar un paro masivo paro en las escuelas de la Provincia de Buenos Aires\u00a0en rechazo al acuerdo entre [&hellip;]<\/p>\n","protected":false},"author":7,"featured_media":14197,"comment_status":"open","ping_status":"open","sticky":false,"template":"","format":"standard","meta":{"_themeisle_gutenberg_block_has_review":false,"footnotes":""},"categories":[33],"tags":[85,412],"class_list":["post-14196","post","type-post","status-publish","format-standard","has-post-thumbnail","hentry","category-politica","tag-pais","tag-paro"],"_links":{"self":[{"href":"https:\/\/horapicodigital.com.ar\/index.php\/wp-json\/wp\/v2\/posts\/14196","targetHints":{"allow":["GET"]}}],"collection":[{"href":"https:\/\/horapicodigital.com.ar\/index.php\/wp-json\/wp\/v2\/posts"}],"about":[{"href":"https:\/\/horapicodigital.com.ar\/index.php\/wp-json\/wp\/v2\/types\/post"}],"author":[{"embeddable":true,"href":"https:\/\/horapicodigital.com.ar\/index.php\/wp-json\/wp\/v2\/users\/7"}],"replies":[{"embeddable":true,"href":"https:\/\/horapicodigital.com.ar\/index.php\/wp-json\/wp\/v2\/comments?post=14196"}],"version-history":[{"count":1,"href":"https:\/\/horapicodigital.com.ar\/index.php\/wp-json\/wp\/v2\/posts\/14196\/revisions"}],"predecessor-version":[{"id":14198,"href":"https:\/\/horapicodigital.com.ar\/index.php\/wp-json\/wp\/v2\/posts\/14196\/revisions\/14198"}],"wp:featuredmedia":[{"embeddable":true,"href":"https:\/\/horapicodigital.com.ar\/index.php\/wp-json\/wp\/v2\/media\/14197"}],"wp:attachment":[{"href":"https:\/\/horapicodigital.com.ar\/index.php\/wp-json\/wp\/v2\/media?parent=14196"}],"wp:term":[{"taxonomy":"category","embeddable":true,"href":"https:\/\/horapicodigital.com.ar\/index.php\/wp-json\/wp\/v2\/categories?post=14196"},{"taxonomy":"post_tag","embeddable":true,"href":"https:\/\/horapicodigital.com.ar\/index.php\/wp-json\/wp\/v2\/tags?post=14196"}],"curies":[{"name":"wp","href":"https:\/\/api.w.org\/{rel}","templated":true}]}}