{"id":14008,"date":"2025-05-14T07:43:10","date_gmt":"2025-05-14T10:43:10","guid":{"rendered":"https:\/\/horapicodigital.com.ar\/?p=14008"},"modified":"2025-05-14T07:43:16","modified_gmt":"2025-05-14T10:43:16","slug":"entre-jueves-y-viernes-finalizara-el-escrutinio-definitivo-en-jujuy","status":"publish","type":"post","link":"https:\/\/horapicodigital.com.ar\/index.php\/2025\/05\/14\/entre-jueves-y-viernes-finalizara-el-escrutinio-definitivo-en-jujuy\/","title":{"rendered":"Entre jueves y viernes finalizar\u00e1 el escrutinio definitivo en Jujuy"},"content":{"rendered":"\n<p>El procedimiento comenz\u00f3 este martes en la Sociedad Espa\u00f1ola con la participaci\u00f3n de los apoderados de todas las fuerzas.<\/p>\n\n\n\n<p><a href=\"https:\/\/www.somosjujuy.com.ar\/jujuy-elige\/entre-jueves-viernes-finalizara-escrutinio-definitivo-jujuy-n103470#\"><br><\/a><a href=\"https:\/\/www.somosjujuy.com.ar\/jujuy-elige\/entre-jueves-viernes-finalizara-escrutinio-definitivo-jujuy-n103470#\"><\/a><a href=\"https:\/\/www.somosjujuy.com.ar\/jujuy-elige\/entre-jueves-viernes-finalizara-escrutinio-definitivo-jujuy-n103470#\"><\/a><a href=\"https:\/\/www.somosjujuy.com.ar\/jujuy-elige\/entre-jueves-viernes-finalizara-escrutinio-definitivo-jujuy-n103470#\"><\/a><\/p>\n\n\n\n<p><strong>Este martes por la tarde comenz\u00f3 el escrutinio definitivo de las elecciones provinciales en Jujuy que oficializar\u00e1 a los frentes que obtuvieron bancas en la Legislatura y en los Concejos Deliberantes.<\/strong>&nbsp;El procedimiento se lleva adelante en la Sociedad Espa\u00f1ola y est\u00e1 a cargo del Tribunal Electoral de la Provincia.<\/p>\n\n\n\n<p>Dicho mecanismo electoral&nbsp;<strong>podr\u00eda concluir entre este jueves y viernes<\/strong>, seg\u00fan estim\u00f3 el secretario electoral de la provincia, Alejandro Gl\u00fcck. El procedimiento, que es el \u00fanico con validez legal, comenz\u00f3 este martes por la tarde y se lleva adelante en la Sociedad Espa\u00f1ola, bajo la coordinaci\u00f3n del Tribunal Electoral.<\/p>\n\n\n\n<p>\u201cNo puedo dar una fecha exacta, pero normalmente este escrutinio deber\u00eda finalizar entre el jueves y el viernes\u201d, afirm\u00f3 el funcionario en di\u00e1logo con nuestro medio. Adem\u00e1s, explic\u00f3 que<strong>&nbsp;el operativo continuar\u00e1 este mi\u00e9rcoles desde las 8 hasta las 21, y se mantendr\u00e1 ese ritmo en los d\u00edas siguientes si es necesario.<\/strong><\/p>\n\n\n\n<p>\u201cEl escrutinio definitivo es la hora de la verdad, por eso est\u00e1n presentes los apoderados de todas las agrupaciones pol\u00edticas, cotejando la documentaci\u00f3n y resolviendo los planteos que se hicieron en tiempo y forma\u201d, agreg\u00f3.<\/p>\n\n\n\n<p><strong>Si bien algunas fuerzas solicitaron la apertura de urnas, Gl\u00fcck aclar\u00f3 que muchos de esos pedidos podr\u00edan resolverse sin llegar a esa instancia<\/strong>: \u201cSeguramente lo vamos a solucionar cotejando la documental. Los apoderados tienen libertad para acceder a las actas y certificados, y eso permite ir aclarando las dudas\u201d.<\/p>\n\n\n\n<p>Por \u00faltimo, el secretario electoral destac\u00f3 que, m\u00e1s all\u00e1 del inconveniente con la p\u00e1gina web del domingo, todo el proceso se desarroll\u00f3 con normalidad y transparencia.<\/p>\n\n\n\n<p><\/p>\n","protected":false},"excerpt":{"rendered":"<p>El procedimiento comenz\u00f3 este martes en la Sociedad Espa\u00f1ola con la participaci\u00f3n de los apoderados de todas las fuerzas. Este martes por la tarde comenz\u00f3 el escrutinio definitivo de las elecciones provinciales en Jujuy que oficializar\u00e1 a los frentes que obtuvieron bancas en la Legislatura y en los Concejos Deliberantes.&nbsp;El procedimiento se lleva adelante en [&hellip;]<\/p>\n","protected":false},"author":7,"featured_media":14009,"comment_status":"open","ping_status":"open","sticky":false,"template":"","format":"standard","meta":{"_themeisle_gutenberg_block_has_review":false,"footnotes":""},"categories":[33],"tags":[1610,200,58],"class_list":["post-14008","post","type-post","status-publish","format-standard","has-post-thumbnail","hentry","category-politica","tag-1610","tag-elecciones","tag-jujuy"],"_links":{"self":[{"href":"https:\/\/horapicodigital.com.ar\/index.php\/wp-json\/wp\/v2\/posts\/14008","targetHints":{"allow":["GET"]}}],"collection":[{"href":"https:\/\/horapicodigital.com.ar\/index.php\/wp-json\/wp\/v2\/posts"}],"about":[{"href":"https:\/\/horapicodigital.com.ar\/index.php\/wp-json\/wp\/v2\/types\/post"}],"author":[{"embeddable":true,"href":"https:\/\/horapicodigital.com.ar\/index.php\/wp-json\/wp\/v2\/users\/7"}],"replies":[{"embeddable":true,"href":"https:\/\/horapicodigital.com.ar\/index.php\/wp-json\/wp\/v2\/comments?post=14008"}],"version-history":[{"count":1,"href":"https:\/\/horapicodigital.com.ar\/index.php\/wp-json\/wp\/v2\/posts\/14008\/revisions"}],"predecessor-version":[{"id":14010,"href":"https:\/\/horapicodigital.com.ar\/index.php\/wp-json\/wp\/v2\/posts\/14008\/revisions\/14010"}],"wp:featuredmedia":[{"embeddable":true,"href":"https:\/\/horapicodigital.com.ar\/index.php\/wp-json\/wp\/v2\/media\/14009"}],"wp:attachment":[{"href":"https:\/\/horapicodigital.com.ar\/index.php\/wp-json\/wp\/v2\/media?parent=14008"}],"wp:term":[{"taxonomy":"category","embeddable":true,"href":"https:\/\/horapicodigital.com.ar\/index.php\/wp-json\/wp\/v2\/categories?post=14008"},{"taxonomy":"post_tag","embeddable":true,"href":"https:\/\/horapicodigital.com.ar\/index.php\/wp-json\/wp\/v2\/tags?post=14008"}],"curies":[{"name":"wp","href":"https:\/\/api.w.org\/{rel}","templated":true}]}}