{"id":13998,"date":"2025-05-14T07:22:23","date_gmt":"2025-05-14T10:22:23","guid":{"rendered":"https:\/\/horapicodigital.com.ar\/?p=13998"},"modified":"2025-05-14T07:22:29","modified_gmt":"2025-05-14T10:22:29","slug":"murio-jose-pepe-mujica-expresidente-de-uruguay-el-impacto-en-los-medios-y-los-mensajes-de-lideres-regionales","status":"publish","type":"post","link":"https:\/\/horapicodigital.com.ar\/index.php\/2025\/05\/14\/murio-jose-pepe-mujica-expresidente-de-uruguay-el-impacto-en-los-medios-y-los-mensajes-de-lideres-regionales\/","title":{"rendered":"Muri\u00f3 Jos\u00e9 \u201cPepe\u201d Mujica, expresidente de Uruguay: el impacto en los medios y los mensajes de l\u00edderes regionales"},"content":{"rendered":"\n<p>Estuvo activo en pol\u00edtica hasta el final; su salud se hab\u00eda deteriorado en las \u00faltimas semanas<\/p>\n\n\n\n<p>MONTEVIDEO.- Cerr\u00f3 los ojos y puso punto final a un periplo que lo convirti\u00f3 casi en leyenda. \u201cSoy consciente de que pertenezco a una generaci\u00f3n que se est\u00e1 yendo, al adi\u00f3s.\u00a0<strong>La lucha contin\u00faa y tiene que sobrevivir\u201d, hab\u00eda dicho Jos\u00e9 \u201cPepe\u201d Mujica<\/strong>\u00a0en uno de sus \u00faltimos actos pol\u00edticos y en referencia a su legado. Leyenda de la pol\u00edtica uruguaya,\u00a0<strong>el expresidente\u00a0muri\u00f3 este martes a los 89 tras una batalla contra un c\u00e1ncer de es\u00f3fago.<\/strong><\/p>\n\n\n\n<p>Hace justo 53 a\u00f1os que hab\u00eda cre\u00eddo que se le acababa la vida. Hab\u00eda sido detenido por cuarta vez y en aquella ocasi\u00f3n para ir a prisi\u00f3n durante larga d\u00e9cada. Iba en bicicleta con una subametralladora israel\u00ed Uzi con 30 balas en el cargador, colgada en la espalda, y un bolso viejo en el que llevaba una granada, pan, botella de vino y una longaniza.<\/p>\n\n\n\n<p>\u201cLa put\u00edsima madre que lo pari\u00f3\u201d, dijo \u201cUlpiano\u201d, apodo guerrillero de Mujica, cuando crey\u00f3 que era su final.<\/p>\n\n\n\n<p>Pero no era el final; estuvo preso de 1972 a 1985, volvi\u00f3 a la calle para hacer pol\u00edtica y subirse a los colectivos con unos carteles de \u201chombre sandwiche\u201d con consignas pol\u00edticas pintadas, y seguir de largo hasta llegar a ser uno de los presidentes m\u00e1s populares del Uruguay.<\/p>\n\n\n\n<p>Inspirado en el comunismo de Mao, empujado por la ola revolucionaria que Cuba contagiaba en Am\u00e9rica Latina, \u201cPepe\u201d Mujica se integr\u00f3 a la guerrilla del Movimiento de Liberaci\u00f3n Nacional-Tupamaros (MLN-T), estuvo en decenas de operaciones, fue detenido, cumpli\u00f3 la pena y volvi\u00f3 a la acci\u00f3n, lo detuvieron de nuevo y se fug\u00f3, lo volvieron a detener y se escap\u00f3 otra vez, lo volvieron a detener y luego vino el golpe de Estado de 1973 que inici\u00f3 una extensa dictadura. Sali\u00f3 en libertad en 1985, cuando volvi\u00f3 la democracia, y enseguida volvi\u00f3 al MLN-T pero para hacer pol\u00edtica,\u00a0<strong>iniciando un camino que lo llev\u00f3 a la presidencia en las elecciones de 2009.<\/strong><\/p>\n\n\n\n<p>Lo que no hab\u00eda logrado por las armas, lo lograba en las urnas.<\/p>\n\n\n\n<p>De haber arriesgado la vida en operativos guerrilleros, de haber escapado por la red de cloacas, entre excrementos y ratas, a los honores de Jefe de Estado frente a l\u00edderes de un mundo globalizado.<\/p>\n\n\n\n<p><strong>Mujica se convirti\u00f3 en una personalidad mundial&nbsp;<\/strong>como referente dibujado en libros escolares de pa\u00edses asi\u00e1ticos, para graficar defensa del ambiente o de valores humanos, de la austeridad y la valorizaci\u00f3n de la vida simple.<\/p>\n\n\n\n<p>Fue un&nbsp;<strong>rockstar&nbsp;<\/strong>con el que bandas de m\u00fasica, actores de Hollywood, j\u00f3venes populares y mucha gente, quer\u00eda fotografiarse a su lado.<\/p>\n\n\n\n<p>Hizo pol\u00edtica casi hasta el \u00faltimo d\u00eda. En agosto pasado, cerca del fin de plazo para presentar listas a las elecciones nacionales,&nbsp;<strong>Mujica y su esposa Luc\u00eda Topolansky anunciaron una \u00faltima jugada pol\u00edtica<\/strong>, tan inesperada como sorpresiva, cuando incorporaron como segunda candidata al Senado a la principal figura de la televisi\u00f3n uruguaya, la periodista y conductora de noticiero Blanca Rodr\u00edguez.<\/p>\n\n\n\n<p><strong>Mujica muri\u00f3 siendo el l\u00edder pol\u00edtico de mayor popularidad<\/strong>, en un ranking que lo tuvo al frente junto al presidente Luis Lacalle Pou.<\/p>\n\n\n\n<p>\u201cDif\u00edcil que el chancho chifle\u201d respond\u00eda a\u00f1os atr\u00e1s, ante las primeras preguntas sobre una posible postulaci\u00f3n presidencial.<\/p>\n\n\n\n<h2 class=\"wp-block-heading\">Sus ra\u00edces<\/h2>\n\n\n\n<p><strong>Descendiente de vascos por parte de padre y de piamonteses por v\u00eda materna<\/strong>, fue uno de los uruguayos en los que confluye sangre de emigrantes de Espa\u00f1a y de Italia, ra\u00edces fundamentales de la conformaci\u00f3n de la poblaci\u00f3n de este pa\u00eds.<\/p>\n\n\n\n<p>El origen se rastrea a 1679 cuando en Guip\u00fazcoa se casaron Francisco Mujica y Magdalena Arregui, cuyo bisnieto cruz\u00f3 el oc\u00e9ano hasta el R\u00edo de la Plata y lleg\u00f3 a Montevideo en 1842 cuando el Uruguay estaba en guerra. Los Mujica siguieron hasta Jos\u00e9 Cruz quien se cas\u00f3 con Eudoxia Terra, familiar de un presidente y dictador de Uruguay en los a\u00f1os 30: de ese hogar naci\u00f3 Demetrio Mujica, que tuvo un campo a unos 100 kil\u00f3metros de la capital, y se cas\u00f3 con Lucy Cordano.&nbsp;<strong>Ellos fueron los padres de \u201cPepe\u201d Mujica Cordano.<\/strong><\/p>\n\n\n\n<p>Lucy proven\u00eda de una familia italiana que ten\u00eda campo en Colonia Estrella, cerca de Carmelo para la producci\u00f3n de uva.<\/p>\n\n\n\n<p>De la familia de la madre,&nbsp;<strong>\u201cPepe\u201d tendr\u00eda influencia nacionalista y peronista<\/strong>&nbsp;(en Carmelo escuchaban radios porte\u00f1as).<\/p>\n\n\n\n<p>Jos\u00e9 curs\u00f3 primaria en la Escuela N\u00ba 150 del barrio Paso de la Arena y cuando lleg\u00f3 a presidente tuvo la sorpresa de un ex compa\u00f1erito de clase de aquella \u00e9poca, Dilermando Do Reis Silveira, que conservaba un poema escrito por Mujica en tiempos escolares: \u201cSer\u00e9 todo o no ser\u00e9\/mas es mi lema luchar\/para ingresar en las filas\/de los que saben triunfar: y colmar la aspiraci\u00f3n\/de mi patria y mi mam\u00e1\u201d.<\/p>\n\n\n\n<p>En 1944 muri\u00f3 Demetrio: Jos\u00e9 ten\u00eda ocho a\u00f1os y su hermana Eudosia, apenas dos.<\/p>\n\n\n\n<p>Lucy Cordano fue<strong>&nbsp;ayudada por vecinos japoneses que se dedicaban a las flores<\/strong>, y se dedic\u00f3 a eso para mantener el hogar.<\/p>\n\n\n\n<h2 class=\"wp-block-heading\">Radicalizaci\u00f3n<\/h2>\n\n\n\n<p>Jos\u00e9 Mujica sali\u00f3 del barrio para sus estudios secundarios en el Instituto Francisco Bauz\u00e1, y el bachillerato lo hizo en el Instituto Alfredo V\u00e1zquez Acevedo (IAVA), donde se inclin\u00f3 por Derecho.<\/p>\n\n\n\n<p>Ah\u00ed comenz\u00f3 a militar en la \u201cAgrupaci\u00f3n Reforma Universitaria\u201d (ARU),&nbsp;<strong>de tendencia anarquista.<\/strong><\/p>\n\n\n\n<p>Mujica&nbsp;<strong>incursionaba en el ciclismo<\/strong>&nbsp;y pas\u00f3 a representar al Club Ciclista Universal de Canelones, mientras tambi\u00e9n vend\u00eda flores en suburbios de Montevideo<\/p>\n\n\n\n<p>Luego de un pasaje por la agrupaci\u00f3n pol\u00edtica de su madre, dentro del Partido Nacional, Mujica se integr\u00f3 a Uni\u00f3n Popular, un frente creado por el Partido Socialista, y fue en la lista a diputados, como primer suplente del octavo titular.<\/p>\n\n\n\n<p>Luego<strong>&nbsp;se integr\u00f3 al mao\u00edsta Movimiento de Izquierda Revolucionario&nbsp;<\/strong>(MIR) creado por escindidos de la Uni\u00f3n de la Juventud Comunista (UJC) y&nbsp;<strong>de ah\u00ed pas\u00f3 al grupo guerrillero que hizo la primera operaci\u00f3n de robo de armas en 1963.<\/strong><\/p>\n\n\n\n<h2 class=\"wp-block-heading\">Capturas y fugas<\/h2>\n\n\n\n<p>En un intento de asalto a una empresa textil, Mujica fue detenido por primera vez mientras procuraba fugarse en una moto.<\/p>\n\n\n\n<p>Para preservar lo que estaban gestando, los guerrilleros no quisieron revelar a la Polic\u00eda el objetivo de esa acci\u00f3n y dijeron que hab\u00edan robado para beneficio propio. \u201cYo ca\u00ed como chorro com\u00fan y estuve preso ocho meses en [la c\u00e1rcel de] Miguelete por intento de rapi\u00f1a\u201d, cont\u00f3 Mujica.<\/p>\n\n\n\n<p>En libertad,<strong>&nbsp;se integr\u00f3 formalmente al MLN-T con el nombre de guerra \u201cFacundo\u201d.<\/strong><\/p>\n\n\n\n<p>Sus primeras acciones fueron atentados con bombas a medios de prensa de Jorge Batlle: diario \u201cAcci\u00f3n\u201d y \u201cCX 10 Radio Ariel\u201d y luego particip\u00f3 en el secuestro del presidente de la empresa energ\u00e9tica estatal.<\/p>\n\n\n\n<p>Pas\u00f3 un tiempo escondido en Punta del Este, en los tiempos que esa guerrilla asalt\u00f3 el casino de San Rafael.<\/p>\n\n\n\n<p>Luego particip\u00f3 en el intento de copamiento de toda una ciudad, lo que fracas\u00f3 y termin\u00f3 con varios muertos.&nbsp;<strong>Estuvo en un robo de armas y fue detenido, ahora s\u00ed en calidad de guerrillero.<\/strong><\/p>\n\n\n\n<p>Una bala le perfor\u00f3 el p\u00e1ncreas; dado de alta qued\u00f3 recluido en la C\u00e1rcel de Punta Carretas, donde ahora est\u00e1 el shopping.<\/p>\n\n\n\n<p>El 6 de setiembre de 1971,&nbsp;<strong>se fug\u00f3 junto a m\u00e1s de 100 tupamaros<\/strong>&nbsp;por un t\u00fanel que sali\u00f3 a la casa de una vecina.<\/p>\n\n\n\n<p>Un mes y medio despu\u00e9s fue recapturado pero el 12 de abril de 1972 volvi\u00f3 a fugarse trav\u00e9s de la enfermer\u00eda de la C\u00e1rcel y cambi\u00f3 su apodo por el de \u201cUlpiano\u201d.<\/p>\n\n\n\n<p>Utilizando la red de cloacas, logr\u00f3 escapar de las Fuerzas Conjuntas y&nbsp;<strong>form\u00f3 pareja con Luc\u00eda Topolansky<\/strong>, por poco tiempo porque ambos fueron capturados definitivamente.<\/p>\n\n\n\n<h2 class=\"wp-block-heading\">Liberaci\u00f3n<\/h2>\n\n\n\n<p>El 10 de marzo de 1985, a los 50 a\u00f1os, Mujica fue beneficiado por la Ley N\u00ba 15.737 de amnist\u00eda para presos pol\u00edticos y de beneficio especial a exguerrilleros.<\/p>\n\n\n\n<p>Se fue a vivir a la casa de su madre y luego con Luc\u00eda, su compa\u00f1era de ruta, los que fueron activos en&nbsp;<strong>la reconversi\u00f3n del MLN-T en sector pol\u00edtico, que pidi\u00f3 ingreso al Frente Amplio.<\/strong><\/p>\n\n\n\n<p>En noviembre de 1994 fue elegido diputado por Montevideo por la lista 609 y comenz\u00f3 a ganar espacio en la opini\u00f3n p\u00fablica hasta convertirse en un personaje protag\u00f3nico.<\/p>\n\n\n\n<p>En febrero de 2005 asumi\u00f3 como senador y por cuestiones de reglamento debi\u00f3 tomarse juramento constitucional con su compinche de los setenta, el ide\u00f3logo del MLN-T, Eleuterio Fern\u00e1ndez Huidobro.<\/p>\n\n\n\n<p>\u201cLa vida tiene estas zancadillas, y hemos pasado una vida y el juego es \u00e9ste; ni el mayor novelista pudo haber pensado estas cosas. Compa\u00f1ero del alma de todas las horas: t\u00f3meme juramento\u201d, le dijo Mujica a Eleuterio.<\/p>\n\n\n\n<p>Luego de hacerlo, el veterano tupamaro le respondi\u00f3 \u201cFelicitaciones, mi querido hermano\u201d<\/p>\n\n\n\n<p>Dos semanas despu\u00e9s&nbsp;<strong>fue ministro de Ganader\u00eda y en 2008 desafi\u00f3 al presidente Tabar\u00e9 V\u00e1zquez<\/strong>&nbsp;que quer\u00eda imponer a su ministro de Econom\u00eda, Danilo Astori como sucesor, y dijo: \u201cyo quiero ser presidente\u201d.<\/p>\n\n\n\n<h2 class=\"wp-block-heading\">La presidencia<\/h2>\n\n\n\n<p>Gan\u00f3 las elecciones de 2009 ante Luis Lacalle Herrera y&nbsp;<strong>gobern\u00f3 en un per\u00edodo de bonanza econ\u00f3mica.<\/strong><\/p>\n\n\n\n<p>El 1\u00ba de marzo de 2010, su esposa Luc\u00eda Topolansy en car\u00e1cter de primera senadora del pa\u00eds, le tom\u00f3 juramento presidencial en una sesi\u00f3n parlamentaria hist\u00f3rica y muy emotiva. Aquella pareja que hab\u00eda escapado de polic\u00edas y militares por una red de cloacas y que interrumpieron su relaci\u00f3n por la c\u00e1rcel (apenas se comunicaron una vez por una carta), estaban juntos ah\u00ed, Topolansky presidiendo el Senado y tomando juramento a \u201cPepe\u201d como presidente de la Rep\u00fablica.<\/p>\n\n\n\n<p>Luego<strong>&nbsp;vino su fama mundial y su trabajo en formar una nueva generaci\u00f3n de dirigentes pol\u00edticos<\/strong>, as\u00ed como tender puentes con adversarios y sentirse parte del \u201cclub de los ex presidentes\u201d, con el colorado Julio Mar\u00eda Sanguinetti y el blanco nacionalista Luis Lacalle Herrera.<\/p>\n\n\n\n<p>Aquel empecinado revolucionario lleg\u00f3 a la Casa Blanca en mayo de 2014 y\u00a0<strong>le dijo al presidente norteamericano Barack Obama<\/strong>: \u201cDentro de la humildad de mi peque\u00f1o Uruguay, mi pueblo est\u00e1 en medio de una zona enormemente f\u00e9rtil, con agua. Venimos a buscar conocimiento e investigaci\u00f3n en el campo de las ciencias biol\u00f3gicas, particularmente agrarias, que necesitan investigaci\u00f3n local porque nuestro continente tiene que producir comida para el mundo\u201d.<\/p>\n\n\n\n<p>Y agreg\u00f3: \u201cTenemos que llevar profesores americanos [estadounidenses], aunque sea para que est\u00e9n un tiempo. Pero tenemos que arreglar las cosas de seguridad social para que puedan seguir cobrando sus derechos sociales ac\u00e1. La sabidur\u00eda hay que ir a buscarla donde est\u00e1\u201d.<\/p>\n\n\n\n<p>Mujica&nbsp;<strong>hab\u00eda cambiado mucho con el tiempo, pero manten\u00eda sus rasgos t\u00edpicos&nbsp;<\/strong>de hombre pol\u00edtico caudillo y seductor. Admit\u00eda aquella transformaci\u00f3n personal, del que quiso dar vuelta a un pa\u00eds y se conformaba con hacer algunos cambios.<\/p>\n\n\n\n<p>\u201cPertenezco a una generaci\u00f3n que quiso cambiar el mundo, fui aplastado, derrotado, pulverizado, pero sigo so\u00f1ando que vale la pena luchar para que la gente pueda vivir un poco mejor y con un mayor sentido de la igualdad\u201d, dijo Mujica.<\/p>\n\n\n\n<p>Y tambi\u00e9n habl\u00f3 de<strong>&nbsp;la necesidad de buscar entendimiento y no caer en resentimientos<\/strong>: \u201cEn mi jard\u00edn hace d\u00e9cadas que no cultivo el odio. El odio termina estupidizando, porque nos hace perder objetividad ante las cosas, el odio es ciego como el amor, pero el amor es creador, y el odio nos destruye\u201d.<\/p>\n\n\n\n<p>Con varios problemas de salud pero mostrando una capacidad de resiliencia asombrosa, habl\u00f3 varias veces de lo que ser\u00eda su final: \u201cYo estoy cansado, pero esto no para hasta el d\u00eda que me lleven en un caj\u00f3n\u201d.<strong>&nbsp;Y ese d\u00eda lleg\u00f3.<\/strong><\/p>\n\n\n\n<p><\/p>\n","protected":false},"excerpt":{"rendered":"<p>Estuvo activo en pol\u00edtica hasta el final; su salud se hab\u00eda deteriorado en las \u00faltimas semanas MONTEVIDEO.- Cerr\u00f3 los ojos y puso punto final a un periplo que lo convirti\u00f3 casi en leyenda. \u201cSoy consciente de que pertenezco a una generaci\u00f3n que se est\u00e1 yendo, al adi\u00f3s.\u00a0La lucha contin\u00faa y tiene que sobrevivir\u201d, hab\u00eda dicho [&hellip;]<\/p>\n","protected":false},"author":7,"featured_media":13999,"comment_status":"open","ping_status":"open","sticky":false,"template":"","format":"standard","meta":{"_themeisle_gutenberg_block_has_review":false,"footnotes":""},"categories":[33],"tags":[19,2836],"class_list":["post-13998","post","type-post","status-publish","format-standard","has-post-thumbnail","hentry","category-politica","tag-mundo","tag-q-e-p-d"],"_links":{"self":[{"href":"https:\/\/horapicodigital.com.ar\/index.php\/wp-json\/wp\/v2\/posts\/13998","targetHints":{"allow":["GET"]}}],"collection":[{"href":"https:\/\/horapicodigital.com.ar\/index.php\/wp-json\/wp\/v2\/posts"}],"about":[{"href":"https:\/\/horapicodigital.com.ar\/index.php\/wp-json\/wp\/v2\/types\/post"}],"author":[{"embeddable":true,"href":"https:\/\/horapicodigital.com.ar\/index.php\/wp-json\/wp\/v2\/users\/7"}],"replies":[{"embeddable":true,"href":"https:\/\/horapicodigital.com.ar\/index.php\/wp-json\/wp\/v2\/comments?post=13998"}],"version-history":[{"count":1,"href":"https:\/\/horapicodigital.com.ar\/index.php\/wp-json\/wp\/v2\/posts\/13998\/revisions"}],"predecessor-version":[{"id":14000,"href":"https:\/\/horapicodigital.com.ar\/index.php\/wp-json\/wp\/v2\/posts\/13998\/revisions\/14000"}],"wp:featuredmedia":[{"embeddable":true,"href":"https:\/\/horapicodigital.com.ar\/index.php\/wp-json\/wp\/v2\/media\/13999"}],"wp:attachment":[{"href":"https:\/\/horapicodigital.com.ar\/index.php\/wp-json\/wp\/v2\/media?parent=13998"}],"wp:term":[{"taxonomy":"category","embeddable":true,"href":"https:\/\/horapicodigital.com.ar\/index.php\/wp-json\/wp\/v2\/categories?post=13998"},{"taxonomy":"post_tag","embeddable":true,"href":"https:\/\/horapicodigital.com.ar\/index.php\/wp-json\/wp\/v2\/tags?post=13998"}],"curies":[{"name":"wp","href":"https:\/\/api.w.org\/{rel}","templated":true}]}}