{"id":13984,"date":"2025-05-13T07:30:18","date_gmt":"2025-05-13T10:30:18","guid":{"rendered":"https:\/\/horapicodigital.com.ar\/?p=13984"},"modified":"2025-05-13T07:30:24","modified_gmt":"2025-05-13T10:30:24","slug":"elecciones-como-queda-conformado-el-concejo-deliberante-en-san-salvador-de-jujuy","status":"publish","type":"post","link":"https:\/\/horapicodigital.com.ar\/index.php\/2025\/05\/13\/elecciones-como-queda-conformado-el-concejo-deliberante-en-san-salvador-de-jujuy\/","title":{"rendered":"Elecciones: c\u00f3mo queda conformado el Concejo Deliberante en San Salvador de Jujuy"},"content":{"rendered":"\n<p>En el Concejo Deliberante de San Salvador de Jujuy se renuevan 6 de las 12 bancas tras las Elecciones legislativas.<\/p>\n\n\n\n<p>Este domingo, se llevaron a cabo\u00a0las Elecciones legislativas 2025 en la provincia de Jujuy\u00a0y en San Salvador habr\u00e1 6 concejales que terminan su mandato.<\/p>\n\n\n\n<p>Luego de finalizado el escrutinio provisorio los porcentajes para&nbsp;<strong>concejales en San Salvador de Jujuy&nbsp;<\/strong>quedaron distribuidos de la siguiente manera.<\/p>\n\n\n\n<p>En primer lugar,&nbsp;<strong>La Libertad Avanza<\/strong>&nbsp;con el&nbsp;<strong>28,29% de los votos<\/strong>, logr\u00f3 que ingresen&nbsp;<strong>3 concejales<\/strong>&nbsp;al Concejo Deliberante.<\/p>\n\n\n\n<p>A continuaci\u00f3n, el&nbsp;<strong>Frente Jujuy Crece<\/strong>&nbsp;con el 15,22% de los votos, obtuvo&nbsp;<strong>2 concejales.<\/strong><\/p>\n\n\n\n<p>En tercer lugar, el&nbsp;<strong>Frente de Izquierda<\/strong>&nbsp;con 12,1% de los votos logro la incorporaci\u00f3n de&nbsp;<strong>1 concejal.<\/strong><\/p>\n\n\n\n<h2 class=\"wp-block-heading\">Los concejales que ingresan al Concejo Deliberante de San Salvador de Jujuy<\/h2>\n\n\n\n<ul class=\"wp-block-list\">\n<li>La Libertad Avanza &#8211; 3 concejales<\/li>\n\n\n\n<li>Jujuy Crece &#8211; 2 concejales<\/li>\n\n\n\n<li>Frente de Izquierda &#8211; 1 concejal<\/li>\n<\/ul>\n\n\n\n<h2 class=\"wp-block-heading\">Qu\u00e9 concejales ingresan: partido por partido<\/h2>\n\n\n\n<h3 class=\"wp-block-heading\"><strong>La Libertad Avanza: 3 concejales<\/strong><\/h3>\n\n\n\n<ol class=\"wp-block-list\">\n<li>Gustavo Mart\u00ednez<\/li>\n\n\n\n<li>Anah\u00ed Paredes<\/li>\n\n\n\n<li>Roberto D\u00edaz<\/li>\n<\/ol>\n\n\n\n<h3 class=\"wp-block-heading\"><strong>Frente Jujuy Crece<\/strong><\/h3>\n\n\n\n<ol class=\"wp-block-list\">\n<li>Ramiro Tejeda<\/li>\n\n\n\n<li>Brenda \u00abPumita\u00bb Carabajal<\/li>\n\n\n\n<li>Blanca Nieves Ontiveros (contin\u00faan su mandato del Ex Frente Cambia Jujuy (actual Frente Jujuy Crece) hasta el 2027<\/li>\n\n\n\n<li>N\u00e9stor Barrios (contin\u00faan su mandato del Ex Frente Cambia Jujuy (actual Frente Jujuy Crece) hasta el 2027<\/li>\n\n\n\n<li>Gast\u00f3n Mill\u00f3n (contin\u00faan su mandato del Ex Frente Cambia Jujuy (actual Frente Jujuy Crece) hasta el 2027<\/li>\n<\/ol>\n\n\n\n<p><strong>Total: 5 concejales<\/strong><\/p>\n\n\n\n<h3 class=\"wp-block-heading\"><strong>Frente de Izquierda y Los Trabajadores<\/strong><\/h3>\n\n\n\n<ol class=\"wp-block-list\">\n<li>Keila Zequeiros (volvi\u00f3 a presentarse y result\u00f3 electa) y tendr\u00e1 que definir c\u00f3mo contin\u00faa.<\/li>\n<\/ol>\n\n\n\n<p>Son&nbsp;<strong>2 concejales<\/strong>&nbsp;con los que cuenta el Frente de Izquierda en el Concejo Deliberante.<\/p>\n\n\n\n<p><strong>Los otros concejales de las dem\u00e1s fuerzas pol\u00edticas que contin\u00faan hasta el 2027 en el Concejo son:<\/strong><\/p>\n\n\n\n<p><strong>Primero Jujuy (PJ)<\/strong><\/p>\n\n\n\n<ul class=\"wp-block-list\">\n<li>Graciela Carrasco<\/li>\n<\/ul>\n\n\n\n<p><strong>Bloque Lyder<\/strong><\/p>\n\n\n\n<ul class=\"wp-block-list\">\n<li>Liliana Gim\u00e9nez<\/li>\n<\/ul>\n\n\n\n<p><\/p>\n","protected":false},"excerpt":{"rendered":"<p>En el Concejo Deliberante de San Salvador de Jujuy se renuevan 6 de las 12 bancas tras las Elecciones legislativas. Este domingo, se llevaron a cabo\u00a0las Elecciones legislativas 2025 en la provincia de Jujuy\u00a0y en San Salvador habr\u00e1 6 concejales que terminan su mandato. Luego de finalizado el escrutinio provisorio los porcentajes para&nbsp;concejales en San [&hellip;]<\/p>\n","protected":false},"author":7,"featured_media":13985,"comment_status":"open","ping_status":"open","sticky":false,"template":"","format":"standard","meta":{"_themeisle_gutenberg_block_has_review":false,"footnotes":""},"categories":[33],"tags":[1610,200,58],"class_list":["post-13984","post","type-post","status-publish","format-standard","has-post-thumbnail","hentry","category-politica","tag-1610","tag-elecciones","tag-jujuy"],"_links":{"self":[{"href":"https:\/\/horapicodigital.com.ar\/index.php\/wp-json\/wp\/v2\/posts\/13984","targetHints":{"allow":["GET"]}}],"collection":[{"href":"https:\/\/horapicodigital.com.ar\/index.php\/wp-json\/wp\/v2\/posts"}],"about":[{"href":"https:\/\/horapicodigital.com.ar\/index.php\/wp-json\/wp\/v2\/types\/post"}],"author":[{"embeddable":true,"href":"https:\/\/horapicodigital.com.ar\/index.php\/wp-json\/wp\/v2\/users\/7"}],"replies":[{"embeddable":true,"href":"https:\/\/horapicodigital.com.ar\/index.php\/wp-json\/wp\/v2\/comments?post=13984"}],"version-history":[{"count":1,"href":"https:\/\/horapicodigital.com.ar\/index.php\/wp-json\/wp\/v2\/posts\/13984\/revisions"}],"predecessor-version":[{"id":13986,"href":"https:\/\/horapicodigital.com.ar\/index.php\/wp-json\/wp\/v2\/posts\/13984\/revisions\/13986"}],"wp:featuredmedia":[{"embeddable":true,"href":"https:\/\/horapicodigital.com.ar\/index.php\/wp-json\/wp\/v2\/media\/13985"}],"wp:attachment":[{"href":"https:\/\/horapicodigital.com.ar\/index.php\/wp-json\/wp\/v2\/media?parent=13984"}],"wp:term":[{"taxonomy":"category","embeddable":true,"href":"https:\/\/horapicodigital.com.ar\/index.php\/wp-json\/wp\/v2\/categories?post=13984"},{"taxonomy":"post_tag","embeddable":true,"href":"https:\/\/horapicodigital.com.ar\/index.php\/wp-json\/wp\/v2\/tags?post=13984"}],"curies":[{"name":"wp","href":"https:\/\/api.w.org\/{rel}","templated":true}]}}