{"id":13967,"date":"2025-05-12T10:47:42","date_gmt":"2025-05-12T13:47:42","guid":{"rendered":"https:\/\/horapicodigital.com.ar\/?p=13967"},"modified":"2025-05-12T10:47:48","modified_gmt":"2025-05-12T13:47:48","slug":"la-libertad-avanza-se-convirtio-en-la-primera-fuerza-opositora-de-jujuy","status":"publish","type":"post","link":"https:\/\/horapicodigital.com.ar\/index.php\/2025\/05\/12\/la-libertad-avanza-se-convirtio-en-la-primera-fuerza-opositora-de-jujuy\/","title":{"rendered":"\u00abLa Libertad Avanza se convirti\u00f3 en la primera fuerza opositora de Jujuy\u00bb"},"content":{"rendered":"\n<p>Los principales referentes de\u00a0<strong>La Libertad Avanza<\/strong>\u00a0se mostraron contentos por los resultados de las elecciones en Jujuy.<\/p>\n\n\n\n<p>El\u00a0<strong>senador Ezequiel Atauche<\/strong>\u00a0agradeci\u00f3 \u201cal equipo y a la gente que nos ayud\u00f3, y a Jujuy por este momento. Esta aventura que empez\u00f3 hace dos a\u00f1os, hoy se convirti\u00f3 en realidad. En el 2023 \u00e9ramos un par con la idea de cambiar Jujuy y en ese momento dimos el cachetazo m\u00e1s grande de la historia\u201d.<\/p>\n\n\n\n<p><strong>\u201cLa Libertad Avanza pisa fuerte. Ganamos y pintamos de violeta toda la provincia<\/strong>, nos convertimos en la oposici\u00f3n de verdad para todos los juje\u00f1os\u201d, recalc\u00f3 Atauche. \u201cVinimos a mostrar a Jujuy una idea, la idea de la libertad, para ser una oposici\u00f3n de verdad a la casta\u201d.<\/p>\n\n\n\n<p><strong>\u201cHoy tenemos gente en todos los municipios.<\/strong>&nbsp;El territorio es nuestro, y es de todos los juje\u00f1os, porque somos la verdadera fuerza de cambio, el discurso verdadero que viene a&nbsp;<strong>cambiar la realidad triste y decepcionante a donde nos trajo la casta de Jujuy\u201d<\/strong>, indic\u00f3.<\/p>\n\n\n\n<p><strong>\u201cEs el comienzo de una gran historia y un gran futuro<\/strong>. Tenemos la visi\u00f3n de Javier Milei de un Jujuy pr\u00f3spero. A diferencia de la casta, sabemos qu\u00e9 hacer, c\u00f3mo y tenemos el coraje para hacerlo\u201d, y destac\u00f3 que \u201cvamos a luchar juntos para cambiar a Jujuy\u201d.<\/p>\n\n\n\n<p><strong>\u201cGracias a los juje\u00f1os por haber confiado en nosotros<\/strong>. Les asegur\u00f3 que vamos a hacer todo para defender a los juje\u00f1os, para demostrar que Jujuy es un lugar donde se puede vivir, donde vale la pena vivir una vida digna\u201d, cerr\u00f3.<\/p>\n\n\n\n<h2 class=\"wp-block-heading\">\u00abJujuy tendr\u00e1 una oposici\u00f3n ser\u00eda\u00bb<\/h2>\n\n\n\n<p>El&nbsp;<strong>diputado nacional Manuel Quintar,<\/strong>&nbsp;dijo que si bien esperan los n\u00fameros finales,&nbsp;<strong>\u201cLa Libertad Avanza se convirti\u00f3 en la primera fuerza opositora, en la primera y la verdadera<\/strong>. Por primera vez en muchos a\u00f1os, Jujuy tendr\u00e1 una oposici\u00f3n ser\u00eda que pondr\u00e1 un l\u00edmite a la casta que gobierna a la provincia\u00bb.<\/p>\n\n\n\n<p>Destac\u00f3 que&nbsp;<strong>\u201cnuestros candidatos a concejales arrasaron en las principales localidades<\/strong>, como la capital, Perico y Palpal\u00e1\u201d, y marc\u00f3 que se hizo \u201cun trabajo extraordinario en diputados donde estamos segundos detr\u00e1s del oficialismo\u201d, y&nbsp;<strong>calific\u00f3 este d\u00eda como \u201chist\u00f3rico para LLA<\/strong>. Nos presentamos solos, sin frentes, contra todos y aun as\u00ed nos consolidamos como la principal fuerza opositora. Y esto reci\u00e9n empieza.<\/p>\n\n\n\n<p><strong>Gustavo Mart\u00ednez<\/strong>, candidato a concejal por San Salvador de Jujuy, dijo que&nbsp;<strong>\u201cvengo con ilusi\u00f3n y ganas de meterme en este proyecto<\/strong>&nbsp;que es a favor de la gente de Jujuy. Es una gran oportunidad\u201d, dijo y agradeci\u00f3 al equipo del partido.<\/p>\n\n\n\n<p>Dijo que el resultado de este domingo es un reflejo de la aceptaci\u00f3n de la gente.&nbsp;<strong>\u201cEl proyecto es ambicioso y so\u00f1amos en grande<\/strong>, se puede crecer. Me comprometo a seguir trabajando y darlo todo por el Jujuy que amo\u201d, resalt\u00f3.<\/p>\n\n\n\n<h2 class=\"wp-block-heading\"><strong>\u00ab<\/strong>La Libertad Avanza lleg\u00f3 para quedarse<strong>\u00ab<\/strong><\/h2>\n\n\n\n<p>Mientras que&nbsp;<strong>Kevin Ballesty, candidato a diputado provincial<\/strong>, dijo que&nbsp;<strong>\u201cestamos consolidando un equipo que arranc\u00f3 en agosto del 2023<\/strong>&nbsp;y est\u00e1 sellando una etapa inicial muy fuerte, porque somos la segunda fuerza de Jujuy y la primera oposici\u00f3n real en la Legislatura y en cada Concejo Deliberante\u201d.<\/p>\n\n\n\n<p><strong>A partir del 11 de diciembre vamos a empezar a blanquear todos los trapos sucios\u201d<\/strong>, y recalc\u00f3 que \u201chay que celebrar y estar orgullosos. Es un punto de no retorno.&nbsp;<strong>La LLA lleg\u00f3 para quedarse<\/strong>. Esto es el comienzo, queda el 2027 y sumaremos m\u00e1s legisladores en las pr\u00f3ximas elecciones\u201d.<\/p>\n\n\n\n<p><strong>\u201cGracias a los juje\u00f1os que confiaron en nosotros, que quieren que Javier Milei tenga sus representantes en Jujuy<\/strong>&nbsp;y dio un mensaje: la Libertad Avanza pisa firme. Jujuy empieza a ser liberal\u201d, cerr\u00f3 Ballesty en medio de la ovaci\u00f3n de los militantes.<\/p>\n\n\n\n<p><\/p>\n","protected":false},"excerpt":{"rendered":"<p>Los principales referentes de\u00a0La Libertad Avanza\u00a0se mostraron contentos por los resultados de las elecciones en Jujuy. El\u00a0senador Ezequiel Atauche\u00a0agradeci\u00f3 \u201cal equipo y a la gente que nos ayud\u00f3, y a Jujuy por este momento. Esta aventura que empez\u00f3 hace dos a\u00f1os, hoy se convirti\u00f3 en realidad. En el 2023 \u00e9ramos un par con la idea [&hellip;]<\/p>\n","protected":false},"author":7,"featured_media":13968,"comment_status":"open","ping_status":"open","sticky":false,"template":"","format":"standard","meta":{"_themeisle_gutenberg_block_has_review":false,"footnotes":""},"categories":[33],"tags":[1610,200,58,2793,971],"class_list":["post-13967","post","type-post","status-publish","format-standard","has-post-thumbnail","hentry","category-politica","tag-1610","tag-elecciones","tag-jujuy","tag-lla-vllc","tag-milei"],"_links":{"self":[{"href":"https:\/\/horapicodigital.com.ar\/index.php\/wp-json\/wp\/v2\/posts\/13967","targetHints":{"allow":["GET"]}}],"collection":[{"href":"https:\/\/horapicodigital.com.ar\/index.php\/wp-json\/wp\/v2\/posts"}],"about":[{"href":"https:\/\/horapicodigital.com.ar\/index.php\/wp-json\/wp\/v2\/types\/post"}],"author":[{"embeddable":true,"href":"https:\/\/horapicodigital.com.ar\/index.php\/wp-json\/wp\/v2\/users\/7"}],"replies":[{"embeddable":true,"href":"https:\/\/horapicodigital.com.ar\/index.php\/wp-json\/wp\/v2\/comments?post=13967"}],"version-history":[{"count":1,"href":"https:\/\/horapicodigital.com.ar\/index.php\/wp-json\/wp\/v2\/posts\/13967\/revisions"}],"predecessor-version":[{"id":13969,"href":"https:\/\/horapicodigital.com.ar\/index.php\/wp-json\/wp\/v2\/posts\/13967\/revisions\/13969"}],"wp:featuredmedia":[{"embeddable":true,"href":"https:\/\/horapicodigital.com.ar\/index.php\/wp-json\/wp\/v2\/media\/13968"}],"wp:attachment":[{"href":"https:\/\/horapicodigital.com.ar\/index.php\/wp-json\/wp\/v2\/media?parent=13967"}],"wp:term":[{"taxonomy":"category","embeddable":true,"href":"https:\/\/horapicodigital.com.ar\/index.php\/wp-json\/wp\/v2\/categories?post=13967"},{"taxonomy":"post_tag","embeddable":true,"href":"https:\/\/horapicodigital.com.ar\/index.php\/wp-json\/wp\/v2\/tags?post=13967"}],"curies":[{"name":"wp","href":"https:\/\/api.w.org\/{rel}","templated":true}]}}