{"id":13945,"date":"2025-05-12T07:31:23","date_gmt":"2025-05-12T10:31:23","guid":{"rendered":"https:\/\/horapicodigital.com.ar\/?p=13945"},"modified":"2025-05-12T07:31:29","modified_gmt":"2025-05-12T10:31:29","slug":"adiunju-convoco-a-una-marcha-y-paro-de-48-horas","status":"publish","type":"post","link":"https:\/\/horapicodigital.com.ar\/index.php\/2025\/05\/12\/adiunju-convoco-a-una-marcha-y-paro-de-48-horas\/","title":{"rendered":"Adiunju convoc\u00f3 a una marcha y paro de 48 horas"},"content":{"rendered":"\n<p>Tambi\u00e9n organizar\u00e1n la tercera Marcha Federal para que se realice antes de la segunda semana de junio.<\/p>\n\n\n\n<p>La Federaci\u00f3n Docente Universitaria, Conadu Hist\u00f3rica, convoc\u00f3 a una jornada de lucha el pr\u00f3ximo 14 de mayo, bajo el t\u00edtulo \u00abSalariazo\u00bb, como parte de la continuidad del plan de acci\u00f3n gremial. La medida fue resuelta en el Plenario de Secretar\u00edas Generales que adem\u00e1s acord\u00f3 llamar a un paro de 48 horas para los d\u00edas 19 y 20 del corriente mes.<\/p>\n\n\n\n<p>En Jujuy, el gremio universitario de Adiunju adhiri\u00f3 a estas medidas de fuerza que se toman en respuesta a \u00abla ya vergonzosa, falta de respuesta por parte del gobierno nacional ante la abrupta p\u00e9rdida del poder adquisitivo de la docencia universitaria y preuniversitaria. Es fundamental destacar la gravedad de la situaci\u00f3n salarial y presupuestaria que afectan las Universidades Nacionales. Esto sumado a la clausura total y unilateral de la paritaria\u00bb, coment\u00f3 el frente sindical.<\/p>\n\n\n\n<p>Adem\u00e1s, el plenario remarc\u00f3 la importancia de coordinar esfuerzos con el resto de las federaciones docentes, no docente y estudiantil para impulsar una marcha nacional. \u00abLa presencia callejera del conjunto de la comunidad universitaria se vuelve urgente para visibilizar nuestras demandas y exigir soluciones inmediatas\u00bb, se\u00f1alaron.<\/p>\n\n\n\n<p>Adem\u00e1s de las dos jornadas de lucha, la Asociaci\u00f3n de Docentes e Investigadores de la Universidad Nacional de Jujuy, tendr\u00e1 otra medida de fuerza que se basar\u00e1 en visibilizar la situaci\u00f3n salarial. Se propone el d\u00eda 15 mayo, pero con fecha abierta para acordar con las dem\u00e1s organizaciones de base. Se espera una gran convocatoria de todos los docentes para esta jornada.<\/p>\n\n\n\n<p>La comisi\u00f3n directiva buscar\u00e1 organizar una tercera Marcha Federal Universitaria, hasta la segunda semana de junio. Tambi\u00e9n la incorporaci\u00f3n del gremio a la Multisectorial de Mujeres y Disidencias de Jujuy. \u00abFinalmente, se resolvi\u00f3 impulsar a las asociaciones de base a participar activamente en las actividades preparatorias del pr\u00f3ximo 3 de junio por el \u00ab&#8216;Ni Una Menos&#8217;, reafirmando nuestro compromiso con la igualdad y la no violencia hacia mujeres y diversidades\u00bb.<\/p>\n\n\n\n<p>El Ministerio de Capital Humano impuso el 1,3% de actualizaci\u00f3n salarial retroactiva a marzo y otro 1,3% para abril. Frente a la brecha salarial que va de 111 a 129%, estas medidas resultan claramente insuficientes, se\u00f1alaron los gremialistas del sector en un reclamo que lleva d\u00e9cadas.<\/p>\n\n\n\n<p><strong>ATE con mejoras en el Registro Civil<\/strong><\/p>\n\n\n\n<p>Este proyecto ha sido el resultado de m\u00e1s de dos a\u00f1os de trabajo y esfuerzo conjunto entre el personal y el director del Registro Civil, quien brind\u00f3 su apoyo para hacer posible estas mejoras. La digitalizaci\u00f3n de los procesos y la modernizaci\u00f3n del lugar de trabajo tambi\u00e9n fueron destacados como logros importantes.<\/p>\n","protected":false},"excerpt":{"rendered":"<p>Tambi\u00e9n organizar\u00e1n la tercera Marcha Federal para que se realice antes de la segunda semana de junio. La Federaci\u00f3n Docente Universitaria, Conadu Hist\u00f3rica, convoc\u00f3 a una jornada de lucha el pr\u00f3ximo 14 de mayo, bajo el t\u00edtulo \u00abSalariazo\u00bb, como parte de la continuidad del plan de acci\u00f3n gremial. La medida fue resuelta en el Plenario [&hellip;]<\/p>\n","protected":false},"author":7,"featured_media":13946,"comment_status":"open","ping_status":"open","sticky":false,"template":"","format":"standard","meta":{"_themeisle_gutenberg_block_has_review":false,"footnotes":""},"categories":[8],"tags":[58],"class_list":["post-13945","post","type-post","status-publish","format-standard","has-post-thumbnail","hentry","category-fin-de-semana","tag-jujuy"],"_links":{"self":[{"href":"https:\/\/horapicodigital.com.ar\/index.php\/wp-json\/wp\/v2\/posts\/13945","targetHints":{"allow":["GET"]}}],"collection":[{"href":"https:\/\/horapicodigital.com.ar\/index.php\/wp-json\/wp\/v2\/posts"}],"about":[{"href":"https:\/\/horapicodigital.com.ar\/index.php\/wp-json\/wp\/v2\/types\/post"}],"author":[{"embeddable":true,"href":"https:\/\/horapicodigital.com.ar\/index.php\/wp-json\/wp\/v2\/users\/7"}],"replies":[{"embeddable":true,"href":"https:\/\/horapicodigital.com.ar\/index.php\/wp-json\/wp\/v2\/comments?post=13945"}],"version-history":[{"count":1,"href":"https:\/\/horapicodigital.com.ar\/index.php\/wp-json\/wp\/v2\/posts\/13945\/revisions"}],"predecessor-version":[{"id":13947,"href":"https:\/\/horapicodigital.com.ar\/index.php\/wp-json\/wp\/v2\/posts\/13945\/revisions\/13947"}],"wp:featuredmedia":[{"embeddable":true,"href":"https:\/\/horapicodigital.com.ar\/index.php\/wp-json\/wp\/v2\/media\/13946"}],"wp:attachment":[{"href":"https:\/\/horapicodigital.com.ar\/index.php\/wp-json\/wp\/v2\/media?parent=13945"}],"wp:term":[{"taxonomy":"category","embeddable":true,"href":"https:\/\/horapicodigital.com.ar\/index.php\/wp-json\/wp\/v2\/categories?post=13945"},{"taxonomy":"post_tag","embeddable":true,"href":"https:\/\/horapicodigital.com.ar\/index.php\/wp-json\/wp\/v2\/tags?post=13945"}],"curies":[{"name":"wp","href":"https:\/\/api.w.org\/{rel}","templated":true}]}}