{"id":13795,"date":"2025-05-06T08:29:45","date_gmt":"2025-05-06T11:29:45","guid":{"rendered":"https:\/\/horapicodigital.com.ar\/?p=13795"},"modified":"2025-05-06T08:29:51","modified_gmt":"2025-05-06T11:29:51","slug":"tras-un-finde-xxl-positivo-ponen-el-foco-en-mantener-a-jujuy-como-un-destino-competitivo-accesible-y-sustentable","status":"publish","type":"post","link":"https:\/\/horapicodigital.com.ar\/index.php\/2025\/05\/06\/tras-un-finde-xxl-positivo-ponen-el-foco-en-mantener-a-jujuy-como-un-destino-competitivo-accesible-y-sustentable\/","title":{"rendered":"Tras un finde XXL positivo, ponen el foco en \u00abmantener a Jujuy como un destino competitivo, accesible y sustentable\u00bb"},"content":{"rendered":"\n<p>El ministro de Turismo, Federico Posadas, destac\u00f3 el rol clave del di\u00e1logo con el sector privado, la baja de impuestos y el ajuste de precios como herramientas para sostener la competitividad de la provincia.<\/p>\n\n\n\n<p>Con un panorama econ\u00f3mico nacional desafiante y un turismo que exige cada vez mayor calidad y precios competitivos,<strong>&nbsp;la provincia de Jujuy redefine su estrategia para sostenerse como uno de los destinos m\u00e1s elegidos del pa\u00eds<\/strong>.&nbsp;<strong>El ministro de Cultura y Turismo, Federico Posadas<\/strong>, explic\u00f3 que el enfoque actual del gobierno provincial apunta a combinar decisiones fiscales, di\u00e1logo con el sector privado y sostenibilidad como pilares para el desarrollo tur\u00edstico.<\/p>\n\n\n\n<p>\u201c<strong>Entendimos que para sostener el flujo tur\u00edstico ten\u00edamos que ser m\u00e1s competitivos en t\u00e9rminos de precio<\/strong>. Por eso promovimos una revisi\u00f3n de tarifas con el sector privado y tambi\u00e9n acompa\u00f1amos con pol\u00edticas concretas, como la reducci\u00f3n de impuestos a emprendimientos tur\u00edsticos\u201d, explic\u00f3 Posadas, en relaci\u00f3n a la baja de Ingresos Brutos del 25% para alojamientos y del 50% para agencias de viaje y transporte tur\u00edstico.<\/p>\n\n\n\n<p>El funcionario tambi\u00e9n destac\u00f3 que Jujuy busca alejarse del turismo extractivo o improvisado para apostar a un modelo m\u00e1s planificado. \u201cVenimos trabajando desde hace a\u00f1os en infraestructura, conectividad y experiencias tur\u00edsticas de calidad. Ahora inauguramos un nuevo apeadero en Posta de Hornillos y seguimos fortaleciendo el Tren Solar de la Quebrada, que es un emblema de nuestro compromiso con el desarrollo sustentable\u201d, se\u00f1al\u00f3.<\/p>\n\n\n\n<p>Seg\u00fan Posadas, Jujuy no solo apunta a ser atractiva para el visitante, sino tambi\u00e9n justa con quienes integran la cadena de valor del turismo.\u00a0<strong>\u201cQueremos que los empresarios puedan trabajar con rentabilidad, pero tambi\u00e9n que se adapten al nuevo contexto.<\/strong>\u00a0El turismo ya no responde a la l\u00f3gica post-pandemia donde los precios pod\u00edan subirse sin consecuencias. Hoy la gente compara, analiza y decide. Y si no somos competitivos, elige otros destinos, incluso en el exterior\u201d, reflexion\u00f3.<\/p>\n\n\n\n<p>Para el ministro, el di\u00e1logo con las c\u00e1maras empresariales y la escucha activa del mercado fueron claves para generar acuerdos.&nbsp;<strong>\u201cLos que sostuvieron precios razonables tuvieron buenos niveles de ocupaci\u00f3n. Hay una toma de conciencia en el sector<\/strong>&nbsp;y eso tambi\u00e9n es una pol\u00edtica p\u00fablica: fomentar el di\u00e1logo y que la decisi\u00f3n privada se alinee con el inter\u00e9s colectivo\u201d, agreg\u00f3.<\/p>\n\n\n\n<p>Finalmente, Posadas destac\u00f3 que las pol\u00edticas implementadas no solo apuntan a salvar temporadas puntuales, sino a consolidar un modelo tur\u00edstico a largo plazo. \u201cJujuy est\u00e1 sentando las bases de un turismo serio, sostenible y competitivo. Sabemos que el camino es desafiante, pero tambi\u00e9n que el potencial es enorme si seguimos trabajando con planificaci\u00f3n y consenso\u201d.<\/p>\n","protected":false},"excerpt":{"rendered":"<p>El ministro de Turismo, Federico Posadas, destac\u00f3 el rol clave del di\u00e1logo con el sector privado, la baja de impuestos y el ajuste de precios como herramientas para sostener la competitividad de la provincia. Con un panorama econ\u00f3mico nacional desafiante y un turismo que exige cada vez mayor calidad y precios competitivos,&nbsp;la provincia de Jujuy [&hellip;]<\/p>\n","protected":false},"author":7,"featured_media":13796,"comment_status":"open","ping_status":"open","sticky":false,"template":"","format":"standard","meta":{"_themeisle_gutenberg_block_has_review":false,"footnotes":""},"categories":[1848],"tags":[38,58],"class_list":["post-13795","post","type-post","status-publish","format-standard","has-post-thumbnail","hentry","category-turismo","tag-economia","tag-jujuy"],"_links":{"self":[{"href":"https:\/\/horapicodigital.com.ar\/index.php\/wp-json\/wp\/v2\/posts\/13795","targetHints":{"allow":["GET"]}}],"collection":[{"href":"https:\/\/horapicodigital.com.ar\/index.php\/wp-json\/wp\/v2\/posts"}],"about":[{"href":"https:\/\/horapicodigital.com.ar\/index.php\/wp-json\/wp\/v2\/types\/post"}],"author":[{"embeddable":true,"href":"https:\/\/horapicodigital.com.ar\/index.php\/wp-json\/wp\/v2\/users\/7"}],"replies":[{"embeddable":true,"href":"https:\/\/horapicodigital.com.ar\/index.php\/wp-json\/wp\/v2\/comments?post=13795"}],"version-history":[{"count":1,"href":"https:\/\/horapicodigital.com.ar\/index.php\/wp-json\/wp\/v2\/posts\/13795\/revisions"}],"predecessor-version":[{"id":13797,"href":"https:\/\/horapicodigital.com.ar\/index.php\/wp-json\/wp\/v2\/posts\/13795\/revisions\/13797"}],"wp:featuredmedia":[{"embeddable":true,"href":"https:\/\/horapicodigital.com.ar\/index.php\/wp-json\/wp\/v2\/media\/13796"}],"wp:attachment":[{"href":"https:\/\/horapicodigital.com.ar\/index.php\/wp-json\/wp\/v2\/media?parent=13795"}],"wp:term":[{"taxonomy":"category","embeddable":true,"href":"https:\/\/horapicodigital.com.ar\/index.php\/wp-json\/wp\/v2\/categories?post=13795"},{"taxonomy":"post_tag","embeddable":true,"href":"https:\/\/horapicodigital.com.ar\/index.php\/wp-json\/wp\/v2\/tags?post=13795"}],"curies":[{"name":"wp","href":"https:\/\/api.w.org\/{rel}","templated":true}]}}