{"id":13724,"date":"2025-05-01T08:17:05","date_gmt":"2025-05-01T11:17:05","guid":{"rendered":"https:\/\/horapicodigital.com.ar\/?p=13724"},"modified":"2025-05-01T08:17:11","modified_gmt":"2025-05-01T11:17:11","slug":"entre-el-papa-francisco-y-kicillof-la-cgt-logro-una-demostracion-de-fuerza-que-no-conmovera-a-milei","status":"publish","type":"post","link":"https:\/\/horapicodigital.com.ar\/index.php\/2025\/05\/01\/entre-el-papa-francisco-y-kicillof-la-cgt-logro-una-demostracion-de-fuerza-que-no-conmovera-a-milei\/","title":{"rendered":"Entre el Papa Francisco y Kicillof, la CGT logr\u00f3 una demostraci\u00f3n de fuerza que no conmover\u00e1 a Milei"},"content":{"rendered":"\n<p>El aparato sindical funcion\u00f3 a pleno y llen\u00f3 unas 10 cuadras para conmemorar el D\u00eda del Trabajador. El recuerdo de Jorge Bergoglio se mezcl\u00f3 con una reuni\u00f3n con el gobernador bonaerense.<\/p>\n\n\n\n<p>La CGT logr\u00f3 una\u00a0<strong>demostraci\u00f3n de fuerza<\/strong>\u00a0en la marcha por el\u00a0<strong>D\u00eda del Trabajador,\u00a0<\/strong>aunque no hay indicio alguno de que el Gobierno haya acusado recibo de la capacidad de movilizaci\u00f3n cegetista y acceda a llamar al\u00a0<strong>di\u00e1logo social.\u00a0<\/strong>Tampoco ayudar\u00e1 a\u00a0<strong>sensibilizar\u00a0<\/strong>al mile\u00edsmo que, tras la marcha, la c\u00fapula sindical haya\u00a0<strong>recibido\u00a0<\/strong>en su sede de Azopardo 802 al gobernador bonaerense\u00a0<strong>Axel Kicillof.<\/strong><\/p>\n\n\n\n<p>Esta vez, a diferencia de otras movilizaciones, como la que se hizo el 8 de abril para acompa\u00f1ar a los jubilados al Congreso,\u00a0<strong>el aparato sindical funcion\u00f3 a pleno<\/strong>\u00a0y permiti\u00f3 que miles de manifestantes\u00a0<strong>llenaran de manera compacta\u00a0<\/strong>la avenida Independencia a partir de su intersecci\u00f3n con Per\u00fa, adonde se ubic\u00f3 la\u00a0<strong>columna principal<\/strong>\u00a0de la CGT, y a lo largo de unas\u00a0<strong>10 cuadras,<\/strong>\u00a0hasta la calle Sol\u00eds.<\/p>\n\n\n\n<p>A la\u00a0<strong>fuerte presencia<\/strong>\u00a0de sindicatos como la UOCRA, Comercio, UPCN, Sanidad, Camioneros, Alimentaci\u00f3n, la UOM, UDA, Carga y Descarga y Maestranza, entre otros, se sum\u00f3 la participaci\u00f3n de\u00a0<strong>las dos CTA<\/strong>\u00a0y de los piqueteros de la\u00a0<strong>Uni\u00f3n de Trabajadores de la Econom\u00eda Popular (UTEP).<\/strong><\/p>\n\n\n\n<p>Adem\u00e1s de las cr\u00edticas al Gobierno, el componente destacado de la marcha fue el\u00a0<strong>homenaje al Papa Francisco.<\/strong>\u00a0Por toda la avenida Independencia se instalaron\u00a0<strong>pasacalles y gigantograf\u00edas<\/strong>\u00a0de Jorge Bergoglio, mientras que desde los parlantes se escucharon\u00a0<strong>audios\u00a0<\/strong>del fallecido pont\u00edfice, como, por ejemplo, el del discurso que dio en Brasil en 2013 en el que pidi\u00f3:\u00a0<strong>\u201c\u00a1Hagan l\u00edo!\u201d.<\/strong><\/p>\n\n\n\n<p>Pero el momento principal del tributo fue en cuando, antes de comenzar la marcha, se ley\u00f3 un texto de Francisco y los curas villeros Lorenzo de Vedia y Gast\u00f3n Colombres pidieron una\u00a0<strong>oraci\u00f3n\u00a0<\/strong>en su nombre.<\/p>\n\n\n\n<p>Los manifestantes recorrieron la avenida Independencia hasta llegar al\u00a0<strong>Monumento Canto al Trabajo,<\/strong>\u00a0ubicado en Paseo Col\u00f3n al 800. All\u00ed se desconcentraron y la dirigencia de la CGT, a la que se sum\u00f3 el l\u00edder el Sindicato de Camioneros,\u00a0<strong>Hugo Moyano,<\/strong>\u00a0fueron a la sede de Azopardo 802 para reunirse con\u00a0<strong>Kicillof,<\/strong>\u00a0la vicegobernadora\u00a0<strong>Ver\u00f3nica Magario;\u00a0<\/strong>el ministro de Trabajo bonaerense,\u00a0<strong>Walter Correa;\u00a0<\/strong>la jefa de asesores del gobierno provincial,\u00a0<strong>Cristina Alvarez Rodr\u00edguez,<\/strong>\u00a0y el intendente de La Matanza,\u00a0<strong>Fernando Espinoza.<\/strong><\/p>\n\n\n\n<p>El encuentro, que tambi\u00e9n se hab\u00eda hecho tras la marcha por el D\u00eda del Trabajador en 2024, sirvi\u00f3 para que varios sindicalistas cuestionaran al Gobierno y, a la vez, expresaran su&nbsp;<strong>acompa\u00f1amiento pol\u00edtico<\/strong>&nbsp;a Kicillof, quien habl\u00f3 como cierre de este sugestivo contacto.<\/p>\n\n\n\n<p>En medio de la marcha, el cotitular de la CGT&nbsp;<strong>H\u00e9ctor Daer&nbsp;<\/strong>(Sanidad) asegur\u00f3 al periodismo que&nbsp;<strong>\u201cno se est\u00e1 negociando nada con el Gobierno porque no hay ni siquiera di\u00e1logo\u201d.&nbsp;<\/strong>\u201cNosotros planteamos la agenda -dijo-, pero&nbsp;<strong>no tenemos ninguna respuesta ni conexi\u00f3n ni nada.<\/strong>&nbsp;La agenda es clara, no es un tema nuestro\u201d.<\/p>\n\n\n\n<p>Advirti\u00f3 que \u201cno puede haber un plan monetario que termine generando&nbsp;<strong>paritarias pisadas y precios liberados\u201d&nbsp;<\/strong>y se\u00f1al\u00f3: \u201cLlamamos a la reflexi\u00f3n (al Gobierno) porque<strong>&nbsp;hay temas que tenemos que solucionar.&nbsp;<\/strong>No podemos ir a un pa\u00eds absolutamente extractivista y que no genere valor agregado\u201d.<\/p>\n\n\n\n<p>El titular de la Federaci\u00f3n Argentina de Empleados de de Comercio y Servicios (FAECyS),&nbsp;<strong>Armando Cavalieri,&nbsp;<\/strong>encabez\u00f3 la numerosa columna de su gremio y tambi\u00e9n hizo declaraciones: \u201cLa contundencia de una movilizaci\u00f3n de esta magnitud manifiesta que el movimiento obrero organizado y los trabajadores de todo el territorio nacional estar\u00e1n&nbsp;<strong>atentos a cada una de las medidas que pongan en jaque al sinn\u00famero de derechos y conquistas<\/strong>&nbsp;que resguardan el bienestar y el porvenir de la clase trabajadora\u201d.<\/p>\n\n\n\n<p><strong>Hugo Moyano,<\/strong>&nbsp;por su parte, dijo que \u201cel pueblo trabajador tiene que estar&nbsp;<strong>unido para terminar con esta situaci\u00f3n tan grave que estamos atravesando<\/strong>&nbsp;tanto el que est\u00e1 con trabajo como el que est\u00e1 sin trabajo, los jubilados y la mayor\u00eda del pueblo argentino\u201d.<\/p>\n\n\n\n<p>El l\u00edder de Camioneros pidi\u00f3 \u201cestar&nbsp;<strong>m\u00e1s unidos que nunca\u201d&nbsp;<\/strong>y critic\u00f3 que por el operativo de seguridad del Gobierno \u201chan parado m\u00e1s de 100 micros que no pudieron entrar a la Ciudad de Buenos Aires\u201d, pero afirm\u00f3: \u201cPor m\u00e1s que quieran presionarnos o evitar que la gente se junte, igual la gente se junta\u201d. Y finaliz\u00f3: \u201cEsto es una demostraci\u00f3n clara de que,&nbsp;<strong>si no cambia la situaci\u00f3n, se va a agravar\u201d.<\/strong><\/p>\n","protected":false},"excerpt":{"rendered":"<p>El aparato sindical funcion\u00f3 a pleno y llen\u00f3 unas 10 cuadras para conmemorar el D\u00eda del Trabajador. El recuerdo de Jorge Bergoglio se mezcl\u00f3 con una reuni\u00f3n con el gobernador bonaerense. La CGT logr\u00f3 una\u00a0demostraci\u00f3n de fuerza\u00a0en la marcha por el\u00a0D\u00eda del Trabajador,\u00a0aunque no hay indicio alguno de que el Gobierno haya acusado recibo de [&hellip;]<\/p>\n","protected":false},"author":7,"featured_media":13725,"comment_status":"open","ping_status":"open","sticky":false,"template":"","format":"standard","meta":{"_themeisle_gutenberg_block_has_review":false,"footnotes":""},"categories":[33],"tags":[1515,971,85],"class_list":["post-13724","post","type-post","status-publish","format-standard","has-post-thumbnail","hentry","category-politica","tag-cgt","tag-milei","tag-pais"],"_links":{"self":[{"href":"https:\/\/horapicodigital.com.ar\/index.php\/wp-json\/wp\/v2\/posts\/13724","targetHints":{"allow":["GET"]}}],"collection":[{"href":"https:\/\/horapicodigital.com.ar\/index.php\/wp-json\/wp\/v2\/posts"}],"about":[{"href":"https:\/\/horapicodigital.com.ar\/index.php\/wp-json\/wp\/v2\/types\/post"}],"author":[{"embeddable":true,"href":"https:\/\/horapicodigital.com.ar\/index.php\/wp-json\/wp\/v2\/users\/7"}],"replies":[{"embeddable":true,"href":"https:\/\/horapicodigital.com.ar\/index.php\/wp-json\/wp\/v2\/comments?post=13724"}],"version-history":[{"count":1,"href":"https:\/\/horapicodigital.com.ar\/index.php\/wp-json\/wp\/v2\/posts\/13724\/revisions"}],"predecessor-version":[{"id":13726,"href":"https:\/\/horapicodigital.com.ar\/index.php\/wp-json\/wp\/v2\/posts\/13724\/revisions\/13726"}],"wp:featuredmedia":[{"embeddable":true,"href":"https:\/\/horapicodigital.com.ar\/index.php\/wp-json\/wp\/v2\/media\/13725"}],"wp:attachment":[{"href":"https:\/\/horapicodigital.com.ar\/index.php\/wp-json\/wp\/v2\/media?parent=13724"}],"wp:term":[{"taxonomy":"category","embeddable":true,"href":"https:\/\/horapicodigital.com.ar\/index.php\/wp-json\/wp\/v2\/categories?post=13724"},{"taxonomy":"post_tag","embeddable":true,"href":"https:\/\/horapicodigital.com.ar\/index.php\/wp-json\/wp\/v2\/tags?post=13724"}],"curies":[{"name":"wp","href":"https:\/\/api.w.org\/{rel}","templated":true}]}}