{"id":13432,"date":"2025-04-16T08:22:08","date_gmt":"2025-04-16T11:22:08","guid":{"rendered":"https:\/\/horapicodigital.com.ar\/?p=13432"},"modified":"2025-04-16T08:22:14","modified_gmt":"2025-04-16T11:22:14","slug":"la-conadu-historica-convoco-a-paro-de-universitariospara-el-22-y-23","status":"publish","type":"post","link":"https:\/\/horapicodigital.com.ar\/index.php\/2025\/04\/16\/la-conadu-historica-convoco-a-paro-de-universitariospara-el-22-y-23\/","title":{"rendered":"LA CONADU HISTORICA CONVOCO A PARO DE UNIVERSITARIOSPARA EL 22 Y 23"},"content":{"rendered":"\n<p>La CONADU Hist\u00f3rica llam\u00f3 a un paro de 48 horas para los d\u00edas 22 y 23 de abril, coincidiendo con el aniversario de la gran Marcha Nacional en Defensa de la Universidad P\u00fablica realizada en 2024.<\/p>\n\n\n\n<p>La medida de fuerza se da en el marco del plan de acci\u00f3n gremial en reclamo de la inmediata apertura de la paritaria salarial, clausurada por el gobierno nacional desde el 7 de octubre de 2024.<br>Los dirigentes sostienen que en marzo, \u00abnuestros sueldos recibieron un 0% de aumento\u00bb, y que<br>el salario de la docencia de las Universidades Nacionales sigue en picada. Mientras la inflaci\u00f3n acumulada llega a 197% , desde que asumi\u00f3 Milei, la actualizaci\u00f3n salarial fue del 68% al 86% , seg\u00fan el cargo.<\/p>\n\n\n<div class=\"wp-block-image\">\n<figure class=\"aligncenter size-full\"><img loading=\"lazy\" decoding=\"async\" width=\"720\" height=\"726\" src=\"https:\/\/horapicodigital.com.ar\/wp-content\/uploads\/2025\/04\/fb6d195c-fa97-43fd-a621-96fbe85cd5ed.jpg\" alt=\"\" class=\"wp-image-13433\" srcset=\"https:\/\/horapicodigital.com.ar\/wp-content\/uploads\/2025\/04\/fb6d195c-fa97-43fd-a621-96fbe85cd5ed.jpg 720w, https:\/\/horapicodigital.com.ar\/wp-content\/uploads\/2025\/04\/fb6d195c-fa97-43fd-a621-96fbe85cd5ed-298x300.jpg 298w, https:\/\/horapicodigital.com.ar\/wp-content\/uploads\/2025\/04\/fb6d195c-fa97-43fd-a621-96fbe85cd5ed-150x150.jpg 150w\" sizes=\"auto, (max-width: 720px) 100vw, 720px\" \/><\/figure>\n<\/div>","protected":false},"excerpt":{"rendered":"<p>La CONADU Hist\u00f3rica llam\u00f3 a un paro de 48 horas para los d\u00edas 22 y 23 de abril, coincidiendo con el aniversario de la gran Marcha Nacional en Defensa de la Universidad P\u00fablica realizada en 2024. La medida de fuerza se da en el marco del plan de acci\u00f3n gremial en reclamo de la inmediata [&hellip;]<\/p>\n","protected":false},"author":7,"featured_media":13434,"comment_status":"open","ping_status":"open","sticky":false,"template":"","format":"standard","meta":{"_themeisle_gutenberg_block_has_review":false,"footnotes":""},"categories":[118],"tags":[2816,120,412],"class_list":["post-13432","post","type-post","status-publish","format-standard","has-post-thumbnail","hentry","category-sociedad","tag-cta","tag-paritarias","tag-paro"],"_links":{"self":[{"href":"https:\/\/horapicodigital.com.ar\/index.php\/wp-json\/wp\/v2\/posts\/13432","targetHints":{"allow":["GET"]}}],"collection":[{"href":"https:\/\/horapicodigital.com.ar\/index.php\/wp-json\/wp\/v2\/posts"}],"about":[{"href":"https:\/\/horapicodigital.com.ar\/index.php\/wp-json\/wp\/v2\/types\/post"}],"author":[{"embeddable":true,"href":"https:\/\/horapicodigital.com.ar\/index.php\/wp-json\/wp\/v2\/users\/7"}],"replies":[{"embeddable":true,"href":"https:\/\/horapicodigital.com.ar\/index.php\/wp-json\/wp\/v2\/comments?post=13432"}],"version-history":[{"count":1,"href":"https:\/\/horapicodigital.com.ar\/index.php\/wp-json\/wp\/v2\/posts\/13432\/revisions"}],"predecessor-version":[{"id":13435,"href":"https:\/\/horapicodigital.com.ar\/index.php\/wp-json\/wp\/v2\/posts\/13432\/revisions\/13435"}],"wp:featuredmedia":[{"embeddable":true,"href":"https:\/\/horapicodigital.com.ar\/index.php\/wp-json\/wp\/v2\/media\/13434"}],"wp:attachment":[{"href":"https:\/\/horapicodigital.com.ar\/index.php\/wp-json\/wp\/v2\/media?parent=13432"}],"wp:term":[{"taxonomy":"category","embeddable":true,"href":"https:\/\/horapicodigital.com.ar\/index.php\/wp-json\/wp\/v2\/categories?post=13432"},{"taxonomy":"post_tag","embeddable":true,"href":"https:\/\/horapicodigital.com.ar\/index.php\/wp-json\/wp\/v2\/tags?post=13432"}],"curies":[{"name":"wp","href":"https:\/\/api.w.org\/{rel}","templated":true}]}}