{"id":13255,"date":"2025-04-08T07:55:42","date_gmt":"2025-04-08T10:55:42","guid":{"rendered":"https:\/\/horapicodigital.com.ar\/?p=13255"},"modified":"2025-04-08T07:55:48","modified_gmt":"2025-04-08T10:55:48","slug":"morone-reivindico-el-modelo-de-educacion-publica-simbolo-de-libertad-y-progreso-para-los-jujenos","status":"publish","type":"post","link":"https:\/\/horapicodigital.com.ar\/index.php\/2025\/04\/08\/morone-reivindico-el-modelo-de-educacion-publica-simbolo-de-libertad-y-progreso-para-los-jujenos\/","title":{"rendered":"Morone reivindic\u00f3 el modelo de educaci\u00f3n p\u00fablica, \u201cs\u00edmbolo de libertad y progreso para los juje\u00f1os\u201d"},"content":{"rendered":"\n<p>Tras asegurar que la educaci\u00f3n p\u00fablica \u201ces la llave de las libertades individuales y colectivas\u201d, Adriano Morone, candidato a diputado provincial por el Frente Jujuy Crece, llam\u00f3 a acompa\u00f1ar desde las urnas la consolidaci\u00f3n del actual modelo educativo juje\u00f1o, en cuyo marco se construyen edificios escolares, se ejecutan obras de conectividad, se incorpora equipamiento de \u00faltima generaci\u00f3n y se capacita a la docencia. \u201cInvertir en educaci\u00f3n p\u00fablica, es invertir en el futuro de Jujuy\u201d, defini\u00f3.<br>En estos t\u00e9rminos se pronunci\u00f3 al participar de la ceremonia inaugural de la moderna sede del Secundario N\u00ba 4 de El Sunchal, Departamento El Carmen.<br>\u201cInaugurar una escuela siempre es una gran felicidad\u201d, afirm\u00f3 e indic\u00f3 que el establecimiento de El Sunchal \u201ces una de las casi cien nuevas escuelas inauguradas en toda la provincia en los \u00faltimos a\u00f1os\u201d.<br>Enfatiz\u00f3 que \u201ceste es el producto de una decisi\u00f3n muy firme de apostar a la educaci\u00f3n p\u00fablica que es una herramienta de progreso\u201d.<br>Asimismo, explic\u00f3 que \u201cesta es una escuela rural, emplazada en una zona de suma importancia para el aparato productivo juje\u00f1o\u201d y puntualiz\u00f3 que los egresados obtendr\u00e1n un t\u00edtulo con orientaci\u00f3n agropecuaria y ambiental, \u201clo que significa que de este espacio de formaci\u00f3n saldr\u00e1n hombres y mujeres aptos para el exigente mundo del trabajo\u201d, complet\u00f3 Morone.<br>A su turno, el vicegobernador de la Provincia, Alberto Bernis, coment\u00f3 que \u201ctenemos mucho por hacer, lo estamos haciendo y lo seguiremos haciendo, convencidos de que la educaci\u00f3n es uno de los pilares fundamentales para terminar con las grandes injusticias\u201d.<\/p>\n","protected":false},"excerpt":{"rendered":"<p>Tras asegurar que la educaci\u00f3n p\u00fablica \u201ces la llave de las libertades individuales y colectivas\u201d, Adriano Morone, candidato a diputado provincial por el Frente Jujuy Crece, llam\u00f3 a acompa\u00f1ar desde las urnas la consolidaci\u00f3n del actual modelo educativo juje\u00f1o, en cuyo marco se construyen edificios escolares, se ejecutan obras de conectividad, se incorpora equipamiento de [&hellip;]<\/p>\n","protected":false},"author":7,"featured_media":13256,"comment_status":"open","ping_status":"open","sticky":false,"template":"","format":"standard","meta":{"_themeisle_gutenberg_block_has_review":false,"footnotes":""},"categories":[248],"tags":[58],"class_list":["post-13255","post","type-post","status-publish","format-standard","has-post-thumbnail","hentry","category-educacion","tag-jujuy"],"_links":{"self":[{"href":"https:\/\/horapicodigital.com.ar\/index.php\/wp-json\/wp\/v2\/posts\/13255","targetHints":{"allow":["GET"]}}],"collection":[{"href":"https:\/\/horapicodigital.com.ar\/index.php\/wp-json\/wp\/v2\/posts"}],"about":[{"href":"https:\/\/horapicodigital.com.ar\/index.php\/wp-json\/wp\/v2\/types\/post"}],"author":[{"embeddable":true,"href":"https:\/\/horapicodigital.com.ar\/index.php\/wp-json\/wp\/v2\/users\/7"}],"replies":[{"embeddable":true,"href":"https:\/\/horapicodigital.com.ar\/index.php\/wp-json\/wp\/v2\/comments?post=13255"}],"version-history":[{"count":1,"href":"https:\/\/horapicodigital.com.ar\/index.php\/wp-json\/wp\/v2\/posts\/13255\/revisions"}],"predecessor-version":[{"id":13257,"href":"https:\/\/horapicodigital.com.ar\/index.php\/wp-json\/wp\/v2\/posts\/13255\/revisions\/13257"}],"wp:featuredmedia":[{"embeddable":true,"href":"https:\/\/horapicodigital.com.ar\/index.php\/wp-json\/wp\/v2\/media\/13256"}],"wp:attachment":[{"href":"https:\/\/horapicodigital.com.ar\/index.php\/wp-json\/wp\/v2\/media?parent=13255"}],"wp:term":[{"taxonomy":"category","embeddable":true,"href":"https:\/\/horapicodigital.com.ar\/index.php\/wp-json\/wp\/v2\/categories?post=13255"},{"taxonomy":"post_tag","embeddable":true,"href":"https:\/\/horapicodigital.com.ar\/index.php\/wp-json\/wp\/v2\/tags?post=13255"}],"curies":[{"name":"wp","href":"https:\/\/api.w.org\/{rel}","templated":true}]}}