{"id":13183,"date":"2025-04-02T08:29:51","date_gmt":"2025-04-02T11:29:51","guid":{"rendered":"https:\/\/horapicodigital.com.ar\/?p=13183"},"modified":"2025-04-02T08:29:57","modified_gmt":"2025-04-02T11:29:57","slug":"el-gobierno-reconocio-como-subtenientes-de-reserva-a-los-soldados-aspirantes-oficiales-que-lucharon-en-malvinas","status":"publish","type":"post","link":"https:\/\/horapicodigital.com.ar\/index.php\/2025\/04\/02\/el-gobierno-reconocio-como-subtenientes-de-reserva-a-los-soldados-aspirantes-oficiales-que-lucharon-en-malvinas\/","title":{"rendered":"El Gobierno reconoci\u00f3 como Subtenientes de Reserva a los Soldados Aspirantes Oficiales que lucharon en Malvinas."},"content":{"rendered":"\n<p>La condecoraci\u00f3n fue anunciada este 2 de Abril, D\u00eda del Veterano y de los Ca\u00eddos en la Guerra de Malvinas. A la vez que reafirmaron el compromiso de recuperar la soberan\u00eda sobre las islas, remarcaron la necesidad de reconocer a todos ciudadanos que dieron su vida por la patria.<\/p>\n\n\n\n<p>A 43 a\u00f1os del inicio de la\u00a0<strong>Guerra de Malvinas<\/strong>, la\u00a0<strong>Oficina del Presidente de la Rep\u00fablica Argentina<\/strong>\u00a0reafirm\u00f3 este martes el compromiso de Argentina con la soberan\u00eda sobre las\u00a0<strong>Islas Malvinas<\/strong>,\u00a0<strong>Georgias del Sur<\/strong>,\u00a0<strong>S\u00e1ndwich del Sur<\/strong>\u00a0y los espacios mar\u00edtimos circundantes. En un comunicado oficial, el Gobierno argentino destac\u00f3 que la causa de la soberan\u00eda no solo se sustenta en discursos, sino en acciones concretas, destacando la importancia de honrar a quienes defendieron el territorio nacional en el conflicto b\u00e9lico de 1982.<\/p>\n\n\n\n<p>En este contexto, el Presidente\u00a0<a href=\"https:\/\/www.infobae.com\/tag\/javier-milei\/\" target=\"_blank\" rel=\"noreferrer noopener\"><strong>Javier Milei<\/strong><\/a>\u00a0anunci\u00f3 un importante gesto hacia los excombatientes de Malvinas, al decretar el reconocimiento como\u00a0<strong>Subtenientes de Reserva<\/strong>\u00a0a todos los\u00a0<strong>Soldados Aspirantes a Oficiales de Reserva (AOR)<\/strong>\u00a0que participaron en el conflicto y que hasta la fecha no hab\u00edan recibido dicho rango. Esta medida busca hacer justicia con aquellos que, seg\u00fan el gobierno, defendieron la patria \u201ccon honor\u201d.<\/p>\n\n\n\n<p>\u201cLa defensa de la soberan\u00eda debe ser respaldada por hechos concretos. El reconocimiento y respeto hacia las Fuerzas Armadas es fundamental para fortalecer nuestra posici\u00f3n internacional\u201d, indic\u00f3 el comunicado presidencial.<\/p>\n\n\n\n<p>Hace un a\u00f1o, Milei hab\u00eda anunciado el fin de una era de estigmatizaci\u00f3n y desvalorizaci\u00f3n hacia las\u00a0<strong>Fuerzas Armadas<\/strong>\u00a0y los\u00a0<strong>Veteranos de Malvinas<\/strong>, iniciando un proceso de reconciliaci\u00f3n nacional que ha devuelto el respeto y la dignidad a aquellos que lucharon por la naci\u00f3n. Este decreto de reconocimiento se presenta como una manifestaci\u00f3n palpable de este compromiso, seg\u00fan las autoridades nacionales.<\/p>\n\n\n\n<p>El mandatario reiter\u00f3 su firme determinaci\u00f3n de continuar trabajando en el fortalecimiento de las Fuerzas Armadas y en honrar la memoria de quienes perdieron la vida en la lucha por las islas. \u201cLa lucha por las Malvinas no cesar\u00e1 hasta que nuestra bandera vuelva a flamear en las islas\u201d, afirm\u00f3 Milei, subrayando que el gobierno est\u00e1 decidido a liderar este camino con \u201chechos concretos\u201d.<\/p>\n\n\n\n<p>A lo largo de estas d\u00e9cadas, los diferentes gobiernos argentinos no dejaron de reclamar la soberan\u00eda sobre las Islas Malvinas ante Gran Breta\u00f1a. De hecho, el pasado 3 de enero la Canciller\u00eda argentina volvi\u00f3 a poner el tema sobre la mesa, luego de varias reuniones fallidas con las autoridades inglesas.<\/p>\n\n\n\n<p>Con motivo del 192\u00b0 aniversario de la ocupaci\u00f3n del territorio argentino por parte de Gran Breta\u00f1a, el canciller&nbsp;<strong>Gerardo Werthein&nbsp;<\/strong>reivindic\u00f3 la soberan\u00eda argentina por sobre las islas al resaltar&nbsp;<strong>\u201csus leg\u00edtimos e imprescriptibles derechos de soberan\u00eda\u201d&nbsp;<\/strong>sobre el archipi\u00e9lago y los espacios mar\u00edtimos circundantes.<\/p>\n\n\n\n<p>De la misma manera, el titular de la cartera asegur\u00f3 que est\u00e1 dispuesto a \u201creanudar las negociaciones bilaterales que permitan encontrar una soluci\u00f3n a esta disputa de soberan\u00eda\u201d. Asimismo, asegur\u00f3 que el territorio se encuentra en una \u201csituaci\u00f3n colonial\u201d, tras cuestionar la exploraci\u00f3n y explotaci\u00f3n de recursos naturales que realizar\u00edan los brit\u00e1nicos en la zona.<\/p>\n\n\n\n<p>En el comienzo del comunicado, la Canciller\u00eda hizo hincapi\u00e9 en c\u00f3mo ocurrieron los sucesos hist\u00f3ricos que derivaron en la ocupaci\u00f3n inglesa de las Islas Malvinas y los dem\u00e1s territorios que la rodean. \u201cEl 3 de enero de 1833, las Islas Malvinas fueron<strong>&nbsp;ilegalmente ocupadas por fuerzas brit\u00e1nicas que desalojaron a la poblaci\u00f3n y a las autoridades argentinas all\u00ed establecidas leg\u00edtimamente, reemplaz\u00e1ndolas por s\u00fabditos brit\u00e1nicos<\/strong>\u201c, denunci\u00f3 al recordar que, por ese entonces, la regi\u00f3n era gobernada por Luis Vernet.<\/p>\n\n\n\n<p>\u201cDesde los primeros momentos como naci\u00f3n independiente, la Argentina hab\u00eda ejercido sus derechos de soberan\u00eda sobre estos archipi\u00e9lagos y espacios mar\u00edtimos, atento a su car\u00e1cter de heredera de las posesiones de Espa\u00f1a en Am\u00e9rica del Sur\u201d, resaltaron al recriminar que la ocupaci\u00f3n brit\u00e1nica se trat\u00f3 de \u201cun acto de fuerza en tiempos de paz, contrario al derecho internacional y nunca consentido por el Gobierno argentino, que de inmediato present\u00f3 sus protestas\u201d.<\/p>\n\n\n\n<p>Luego de que enfatizara que el reclamo inici\u00f3 hace casi dos siglos, las autoridades resaltaron que la b\u00fasqueda de recuperar la soberan\u00eda de las islas se mantuvo vigente por las dem\u00e1s administraciones nacionales posteriores. \u201cLa Constituci\u00f3n Nacional establece que la recuperaci\u00f3n del ejercicio efectivo de nuestra soberan\u00eda sobre dichos territorios, conforme el derecho internacional y respetando el modo de vida de sus habitantes, constituye un objetivo permanente e irrenunciable del pueblo argentino\u201d, sentenci\u00f3.<\/p>\n\n\n\n<p>Por otro lado, el texto tambi\u00e9n hizo menci\u00f3n a la resoluci\u00f3n 2065 de la Organizaci\u00f3n de las Naciones Unidas (ONU), en la que se estableci\u00f3 que la manera de descolonizar Malvinas consist\u00eda en una negociaci\u00f3n bilateral.<\/p>\n\n\n\n<p>Este a\u00f1o se cumplir\u00e1n 60 a\u00f1os desde que la medida fue aprobada el 16 de diciembre de 1965, por lo que la Canciller\u00eda record\u00f3 que a lo largo de estos a\u00f1os \u201cnumerosos foros internacionales y regionales se han pronunciado a favor de los derechos de soberan\u00eda argentinos y de la reanudaci\u00f3n de las negociaciones bilaterales\u201d.<\/p>\n\n\n\n<p>\u201cEl Gobierno argentino desea mantener una relaci\u00f3n constructiva con el Reino Unido que contemple un di\u00e1logo sustantivo que incluya a las negociaciones de soberan\u00eda y todo el resto de temas de inter\u00e9s com\u00fan, en el marco del mandato de nuestra Constituci\u00f3n Nacional y de la resoluci\u00f3n de la Asamblea General 2065 (XX) y otras resoluciones de Naciones Unidas\u201d, reiteraron. Pese a la b\u00fasqueda por retomar la v\u00eda diplom\u00e1tica, el gobierno de Gran Breta\u00f1a no esboz\u00f3 una respuesta ante la solicitud.<\/p>\n\n\n\n<p><\/p>\n","protected":false},"excerpt":{"rendered":"<p>La condecoraci\u00f3n fue anunciada este 2 de Abril, D\u00eda del Veterano y de los Ca\u00eddos en la Guerra de Malvinas. A la vez que reafirmaron el compromiso de recuperar la soberan\u00eda sobre las islas, remarcaron la necesidad de reconocer a todos ciudadanos que dieron su vida por la patria. A 43 a\u00f1os del inicio de [&hellip;]<\/p>\n","protected":false},"author":7,"featured_media":13184,"comment_status":"open","ping_status":"open","sticky":false,"template":"","format":"standard","meta":{"_themeisle_gutenberg_block_has_review":false,"footnotes":""},"categories":[33],"tags":[38,85],"class_list":["post-13183","post","type-post","status-publish","format-standard","has-post-thumbnail","hentry","category-politica","tag-economia","tag-pais"],"_links":{"self":[{"href":"https:\/\/horapicodigital.com.ar\/index.php\/wp-json\/wp\/v2\/posts\/13183","targetHints":{"allow":["GET"]}}],"collection":[{"href":"https:\/\/horapicodigital.com.ar\/index.php\/wp-json\/wp\/v2\/posts"}],"about":[{"href":"https:\/\/horapicodigital.com.ar\/index.php\/wp-json\/wp\/v2\/types\/post"}],"author":[{"embeddable":true,"href":"https:\/\/horapicodigital.com.ar\/index.php\/wp-json\/wp\/v2\/users\/7"}],"replies":[{"embeddable":true,"href":"https:\/\/horapicodigital.com.ar\/index.php\/wp-json\/wp\/v2\/comments?post=13183"}],"version-history":[{"count":1,"href":"https:\/\/horapicodigital.com.ar\/index.php\/wp-json\/wp\/v2\/posts\/13183\/revisions"}],"predecessor-version":[{"id":13185,"href":"https:\/\/horapicodigital.com.ar\/index.php\/wp-json\/wp\/v2\/posts\/13183\/revisions\/13185"}],"wp:featuredmedia":[{"embeddable":true,"href":"https:\/\/horapicodigital.com.ar\/index.php\/wp-json\/wp\/v2\/media\/13184"}],"wp:attachment":[{"href":"https:\/\/horapicodigital.com.ar\/index.php\/wp-json\/wp\/v2\/media?parent=13183"}],"wp:term":[{"taxonomy":"category","embeddable":true,"href":"https:\/\/horapicodigital.com.ar\/index.php\/wp-json\/wp\/v2\/categories?post=13183"},{"taxonomy":"post_tag","embeddable":true,"href":"https:\/\/horapicodigital.com.ar\/index.php\/wp-json\/wp\/v2\/tags?post=13183"}],"curies":[{"name":"wp","href":"https:\/\/api.w.org\/{rel}","templated":true}]}}