{"id":13129,"date":"2025-03-28T08:23:48","date_gmt":"2025-03-28T11:23:48","guid":{"rendered":"https:\/\/horapicodigital.com.ar\/?p=13129"},"modified":"2025-03-28T08:23:54","modified_gmt":"2025-03-28T11:23:54","slug":"como-se-gesto-la-candidatura-de-manuel-adorni-y-que-pasara-ahora-con-la-comunicacion-del-gobierno","status":"publish","type":"post","link":"https:\/\/horapicodigital.com.ar\/index.php\/2025\/03\/28\/como-se-gesto-la-candidatura-de-manuel-adorni-y-que-pasara-ahora-con-la-comunicacion-del-gobierno\/","title":{"rendered":"C\u00f3mo se gest\u00f3 la candidatura de Manuel Adorni y qu\u00e9 pasar\u00e1 ahora con la comunicaci\u00f3n del Gobierno."},"content":{"rendered":"\n<p>Luego de fren\u00e9ticas reuniones, la c\u00fapula libertaria defini\u00f3 que el vocero presidencial sea quien compita en las legislativas porte\u00f1as. La influencia de Santiago Caputo en la decisi\u00f3n.<\/p>\n\n\n\n<p>En tan solo unas horas y en soledad, el \u201ctri\u00e1ngulo de hierro\u201d del Gobierno, compuesto por el presidente<strong>&nbsp;Javier Milei<\/strong>, su hermana<strong>&nbsp;Karina<\/strong>&nbsp;y<strong>&nbsp;Santiago Caputo<\/strong>, decidi\u00f3 que el vocero presidencial,&nbsp;<strong>Manuel Adorni<\/strong>, sea el primer candidato a legislador en la boleta de La Libertad Avanza en la ciudad de Buenos Aires.<\/p>\n\n\n\n<p>La c\u00fapula del oficialismo se reuni\u00f3 el jueves por la tarde en Casa Rosada y, luego de una jornada de especulaciones en torno al armado porte\u00f1o, adelant\u00f3 un anuncio que se esperaba reci\u00e9n para dentro de unos d\u00edas.<\/p>\n\n\n\n<p>La titular del partido a nivel local,<strong>&nbsp;Pilar Ram\u00edrez<\/strong>, ten\u00eda previsto confirmar a los integrantes de la lista el pr\u00f3ximo s\u00e1bado por la ma\u00f1ana, para luego encabezar un acto junto a ellos en la sede que el espacio tiene en la intersecci\u00f3n de Avenida de Mayo y Per\u00fa.<\/p>\n\n\n\n<p>Sin embargo, todo se precipit\u00f3 a partir de los encuentros que se llevaron adelante en Balcarce 50, en los que el Presidente, su secretaria general y su principal asesor, terminaron de definir que Adorni vaya como primer candidato.<\/p>\n\n\n\n<p>La legisladora s\u00ed consigui\u00f3 imponer a dos personas de su entorno en el segundo y tercer lugar de la boleta: la directora del Banco Naci\u00f3n,&nbsp;<strong>Solana Pelayo<\/strong>, y el titular de la Agencia de Administraci\u00f3n de Bienes del Estado (AABE),&nbsp;<strong>Nicol\u00e1s Pakgojz<\/strong>, respectivamente.<\/p>\n\n\n\n<p>Se trata de una apuesta fuerte que hace La Libertad Avanza con un funcionario que tiene alto nivel de conocimiento en el electorado, para competir en unos comicios que ser\u00e1n decisivos para la votaci\u00f3n nacional.<\/p>\n\n\n\n<p>El pr\u00f3ximo 18 de mayo, el oficialismo va a disputarle en las urnas el poder al PRO, que hace 17 a\u00f1os gobierna este distrito, con miras a formar un bloque fuerte en la Legislatura que se posicione como la oposici\u00f3n m\u00e1s relevante a la gesti\u00f3n de Jorge Macri.<\/p>\n\n\n\n<p>Adem\u00e1s, una eventual victoria de los libertarios ese d\u00eda dejar\u00eda en&nbsp;<strong>mejores condiciones a los Milei para negociar una integraci\u00f3n con el partido amarillo en otros lugares del pa\u00eds.<\/strong><\/p>\n\n\n\n<p>Por su parte,&nbsp;<strong>el jefe de Gobierno porte\u00f1o presentar\u00e1 este viernes por la tarde a quien ser\u00e1 su candidato<\/strong>, que tendr\u00e1 la tarea de competir contra el vocero, pero tambi\u00e9n contra&nbsp;<strong>Horacio Rodr\u00edguez Larreta, Leandro Santoro y Ramiro Marra<\/strong>, entre otros.<\/p>\n\n\n\n<p>Por la ma\u00f1ana del jueves, en la Casa Rosada hubo varias reuniones para analizar&nbsp;<strong>qu\u00e9 ocurrir\u00e1 con la comunicaci\u00f3n presidencial una vez que Adorni asuma en su banca<\/strong>, si es que finalmente es electo.<\/p>\n\n\n\n<p>Seg\u00fan anticiparon varias fuentes consultadas por&nbsp;<strong>Infobae<\/strong>, Karina Milei rechaza la idea de una \u201ccandidatura testimonial\u201d, por lo que<strong>&nbsp;el funcionario asumir\u00eda efectivamente en su banca a partir de diciembre<\/strong>.<\/p>\n\n\n\n<p>Mientras dure la campa\u00f1a, e incluso a lo largo de varios meses despu\u00e9s de la votaci\u00f3n,&nbsp;<strong>Adorni podr\u00e1 seguir cumpliendo su funci\u00f3n ante la prensa&nbsp;<\/strong>y, de hecho, tiene previsto<strong>&nbsp;mantener sus habituales conferencias.<\/strong><\/p>\n\n\n\n<p>Sin embargo, una vez que le tomen juramento en la Legislatura estar\u00eda impedido de continuar con su trabajo en el Gobierno, por lo que&nbsp;<strong>el Presidente deber\u00e1 encontrar a un reemplazo o bien dejar libre ese puesto.<\/strong><\/p>\n\n\n\n<p>Ante este escenario, uno de los dirigentes libertarios que ingresar\u00eda al Gabinete es el influencer&nbsp;<strong>Daniel Parisini<\/strong>, conocido como<strong>&nbsp;\u201cEl Gordo Dan\u201d<\/strong>, una persona de estrecho v\u00ednculo con Santiago Caputo.<\/p>\n\n\n\n<p>El m\u00e9dico, devenido en conductor del&nbsp;<em>stream&nbsp;<\/em>\u201cLa Misa\u201d, y que en el \u00faltimo tiempo entrevist\u00f3 a varios ministros,<strong>&nbsp;pas\u00f3 el jueves por la tarde por la oficina de la secretaria general<\/strong>, vestido de traje.<\/p>\n\n\n\n<p>Seg\u00fan anticiparon personas al tanto de esa reuni\u00f3n,&nbsp;<strong>Parisini estar\u00e1 colaborando en la campa\u00f1a porte\u00f1a<\/strong>, como as\u00ed tambi\u00e9n en la difusi\u00f3n en general del oficialismo, aunque aclararon que las actividades proselitistas permanecer\u00e1n en manos de Pilar Ram\u00edrez.<\/p>\n\n\n\n<p>A pesar de ser la titular del partido en la ciudad de Buenos Aires, la legisladora no estuvo en el momento en el que el \u201ctri\u00e1ngulo de hierro\u201d defini\u00f3 al principal candidato de La Libertad Avanza, aunque estuvo en permanente comunicaci\u00f3n con la Casa Rosada.<\/p>\n\n\n\n<p>De hecho, horas antes de que se filtrara la postulaci\u00f3n de Adorni, Ram\u00edrez convers\u00f3 con el subsecretario de Gesti\u00f3n Institucional,<strong>&nbsp;Eduardo \u201cLule\u201d Menem<\/strong>, otro de los integrantes de la mesa pol\u00edtica del Gobierno, quien m\u00e1s temprano estuvo conversando con Karina Milei y Santiago Caputo, poco antes de que la c\u00fapula recibiera al \u201cGordo Dan\u201d, que lleg\u00f3 tarde a la cita, seg\u00fan revelaron fuentes cercanas a los protagonistas.<\/p>\n\n\n\n<p>Ahora, el vocero dividir\u00e1 su tiempo entre la campa\u00f1a y su puesto al frente de la comunicaci\u00f3n oficial. Mientras tanto, el Presidente tendr\u00e1 hasta diciembre para decidir si le encuentra un reemplazo.<\/p>\n\n\n\n<p><\/p>\n","protected":false},"excerpt":{"rendered":"<p>Luego de fren\u00e9ticas reuniones, la c\u00fapula libertaria defini\u00f3 que el vocero presidencial sea quien compita en las legislativas porte\u00f1as. La influencia de Santiago Caputo en la decisi\u00f3n. En tan solo unas horas y en soledad, el \u201ctri\u00e1ngulo de hierro\u201d del Gobierno, compuesto por el presidente&nbsp;Javier Milei, su hermana&nbsp;Karina&nbsp;y&nbsp;Santiago Caputo, decidi\u00f3 que el vocero presidencial,&nbsp;Manuel Adorni, [&hellip;]<\/p>\n","protected":false},"author":7,"featured_media":13130,"comment_status":"open","ping_status":"open","sticky":false,"template":"","format":"standard","meta":{"_themeisle_gutenberg_block_has_review":false,"footnotes":""},"categories":[33],"tags":[85],"class_list":["post-13129","post","type-post","status-publish","format-standard","has-post-thumbnail","hentry","category-politica","tag-pais"],"_links":{"self":[{"href":"https:\/\/horapicodigital.com.ar\/index.php\/wp-json\/wp\/v2\/posts\/13129","targetHints":{"allow":["GET"]}}],"collection":[{"href":"https:\/\/horapicodigital.com.ar\/index.php\/wp-json\/wp\/v2\/posts"}],"about":[{"href":"https:\/\/horapicodigital.com.ar\/index.php\/wp-json\/wp\/v2\/types\/post"}],"author":[{"embeddable":true,"href":"https:\/\/horapicodigital.com.ar\/index.php\/wp-json\/wp\/v2\/users\/7"}],"replies":[{"embeddable":true,"href":"https:\/\/horapicodigital.com.ar\/index.php\/wp-json\/wp\/v2\/comments?post=13129"}],"version-history":[{"count":1,"href":"https:\/\/horapicodigital.com.ar\/index.php\/wp-json\/wp\/v2\/posts\/13129\/revisions"}],"predecessor-version":[{"id":13131,"href":"https:\/\/horapicodigital.com.ar\/index.php\/wp-json\/wp\/v2\/posts\/13129\/revisions\/13131"}],"wp:featuredmedia":[{"embeddable":true,"href":"https:\/\/horapicodigital.com.ar\/index.php\/wp-json\/wp\/v2\/media\/13130"}],"wp:attachment":[{"href":"https:\/\/horapicodigital.com.ar\/index.php\/wp-json\/wp\/v2\/media?parent=13129"}],"wp:term":[{"taxonomy":"category","embeddable":true,"href":"https:\/\/horapicodigital.com.ar\/index.php\/wp-json\/wp\/v2\/categories?post=13129"},{"taxonomy":"post_tag","embeddable":true,"href":"https:\/\/horapicodigital.com.ar\/index.php\/wp-json\/wp\/v2\/tags?post=13129"}],"curies":[{"name":"wp","href":"https:\/\/api.w.org\/{rel}","templated":true}]}}