{"id":13124,"date":"2025-03-28T08:18:38","date_gmt":"2025-03-28T11:18:38","guid":{"rendered":"https:\/\/horapicodigital.com.ar\/?p=13124"},"modified":"2025-03-28T08:18:43","modified_gmt":"2025-03-28T11:18:43","slug":"jujenos-pagaran-mas-de-80-000-por-mes-para-viajar-en-colectivos","status":"publish","type":"post","link":"https:\/\/horapicodigital.com.ar\/index.php\/2025\/03\/28\/jujenos-pagaran-mas-de-80-000-por-mes-para-viajar-en-colectivos\/","title":{"rendered":"Juje\u00f1os pagar\u00e1n m\u00e1s de $80.000 por mes para viajar en colectivos"},"content":{"rendered":"\n<p>Desde este viernes rige un nuevo cuadro tarifario en el transporte urbano de pasajeros en la ciudad. El boleto dentro de la capital juje\u00f1a pas\u00f3 a costar $1.021,49. Teniendo en cuenta a las personas que realizan cuatro viajes por d\u00eda para ir a sus trabajos, el gasto es sumamente considerable.<\/p>\n\n\n\n<ul class=\"wp-block-list\">\n<li><strong>Se concret\u00f3 un nuevo aumento del transporte urbano de pasajeros en la capital juje\u00f1a.<\/strong><\/li>\n\n\n\n<li><strong>Viajar dentro de San Salvador pas\u00f3 a costar $<\/strong><strong>1.021,49 desde este viernes.<\/strong><\/li>\n\n\n\n<li><strong>Los juje\u00f1os que realizan cuatro viajes al d\u00eda en promedio para ir a trabajar, pasar\u00e1n a pagar $4.085 por jornada, $20.429por semana y $81.719 por mes.<\/strong><\/li>\n<\/ul>\n\n\n\n<p>Este viernes comenz\u00f3 a regir una<strong>\u00a0nueva tarifa de transporte urbano de pasajeros en la capital juje\u00f1a.<\/strong><\/p>\n\n\n\n<p>El incremento significa otro golpe al bolsillo para los usuarios, quienes\u00a0<strong>ya se manifestaron con bronca e indignaci\u00f3n al enterarse de la noticia.<\/strong><\/p>\n\n\n\n<h3 class=\"wp-block-heading\"><strong>Viajar dentro de San Salvador costaba $983,45 y&nbsp;ahora pas\u00f3 a valer $<\/strong><strong>&nbsp;1.021,49.<\/strong><\/h3>\n\n\n\n<p>Teniendo en cuenta a los&nbsp;<strong>juje\u00f1os que realizan en promedio cuatro viajes por d\u00eda para asistir a sus trabajos (en horario comercial, de lunes a viernes)<\/strong>&nbsp;el gasto pasa a ser el siguiente:<\/p>\n\n\n\n<ul class=\"wp-block-list\">\n<li><strong>Gasto diario en pasajes: $4.085,40<\/strong><\/li>\n\n\n\n<li><strong>Gasto semanal: $20.429,80<\/strong><\/li>\n\n\n\n<li><strong>Gasto mensual: $81.719,20<\/strong><\/li>\n<\/ul>\n\n\n\n<p><strong>Estos montos pueden variar si prestan labores d\u00edas s\u00e1bados o incluso domingo, elevando a\u00fan m\u00e1s la cifra.<\/strong><\/p>\n\n\n\n<p>Cabe se\u00f1alar que los que viajan desde otras zonas tambi\u00e9n tuvieron incrementos. Los nuevos valores:<\/p>\n\n\n\n<ul class=\"wp-block-list\">\n<li>San Salvador a\u00a0<strong>Reyes<\/strong>: $1.021,49<\/li>\n\n\n\n<li>San Salvador a\u00a0<strong>Guerrero<\/strong>: $1.175<\/li>\n\n\n\n<li>San Salvador a\u00a0<strong>San Pablo de Reyes<\/strong>: $1.175<\/li>\n\n\n\n<li>San Salvador a\u00a0<strong>Termas de Reyes<\/strong>\u00a0: $1.327,83<\/li>\n\n\n\n<li>San Salvador a\u00a0<strong>Yala<\/strong>: $1.327,83<\/li>\n\n\n\n<li>San Salvador a\u00a0<strong>Los Nogales<\/strong>: $1.481,35<\/li>\n\n\n\n<li>San Salvador a\u00a0<strong>Lozano<\/strong>: $1.481,35<\/li>\n\n\n\n<li>San Salvador a\u00a0<strong>Le\u00f3n<\/strong>: $ 1.634,18<\/li>\n<\/ul>\n\n\n\n<p><\/p>\n","protected":false},"excerpt":{"rendered":"<p>Desde este viernes rige un nuevo cuadro tarifario en el transporte urbano de pasajeros en la ciudad. El boleto dentro de la capital juje\u00f1a pas\u00f3 a costar $1.021,49. Teniendo en cuenta a las personas que realizan cuatro viajes por d\u00eda para ir a sus trabajos, el gasto es sumamente considerable. Este viernes comenz\u00f3 a regir [&hellip;]<\/p>\n","protected":false},"author":7,"featured_media":13125,"comment_status":"open","ping_status":"open","sticky":false,"template":"","format":"standard","meta":{"_themeisle_gutenberg_block_has_review":false,"footnotes":""},"categories":[6,81,118],"tags":[58],"class_list":["post-13124","post","type-post","status-publish","format-standard","has-post-thumbnail","hentry","category-economia","category-general","category-sociedad","tag-jujuy"],"_links":{"self":[{"href":"https:\/\/horapicodigital.com.ar\/index.php\/wp-json\/wp\/v2\/posts\/13124","targetHints":{"allow":["GET"]}}],"collection":[{"href":"https:\/\/horapicodigital.com.ar\/index.php\/wp-json\/wp\/v2\/posts"}],"about":[{"href":"https:\/\/horapicodigital.com.ar\/index.php\/wp-json\/wp\/v2\/types\/post"}],"author":[{"embeddable":true,"href":"https:\/\/horapicodigital.com.ar\/index.php\/wp-json\/wp\/v2\/users\/7"}],"replies":[{"embeddable":true,"href":"https:\/\/horapicodigital.com.ar\/index.php\/wp-json\/wp\/v2\/comments?post=13124"}],"version-history":[{"count":1,"href":"https:\/\/horapicodigital.com.ar\/index.php\/wp-json\/wp\/v2\/posts\/13124\/revisions"}],"predecessor-version":[{"id":13126,"href":"https:\/\/horapicodigital.com.ar\/index.php\/wp-json\/wp\/v2\/posts\/13124\/revisions\/13126"}],"wp:featuredmedia":[{"embeddable":true,"href":"https:\/\/horapicodigital.com.ar\/index.php\/wp-json\/wp\/v2\/media\/13125"}],"wp:attachment":[{"href":"https:\/\/horapicodigital.com.ar\/index.php\/wp-json\/wp\/v2\/media?parent=13124"}],"wp:term":[{"taxonomy":"category","embeddable":true,"href":"https:\/\/horapicodigital.com.ar\/index.php\/wp-json\/wp\/v2\/categories?post=13124"},{"taxonomy":"post_tag","embeddable":true,"href":"https:\/\/horapicodigital.com.ar\/index.php\/wp-json\/wp\/v2\/tags?post=13124"}],"curies":[{"name":"wp","href":"https:\/\/api.w.org\/{rel}","templated":true}]}}