{"id":13114,"date":"2025-03-27T10:00:29","date_gmt":"2025-03-27T13:00:29","guid":{"rendered":"https:\/\/horapicodigital.com.ar\/?p=13114"},"modified":"2025-03-27T10:00:35","modified_gmt":"2025-03-27T13:00:35","slug":"los-colectivos-circularan-con-normalidad-este-viernes-en-jujuy-pese-al-paro-anunciado-por-la-uta","status":"publish","type":"post","link":"https:\/\/horapicodigital.com.ar\/index.php\/2025\/03\/27\/los-colectivos-circularan-con-normalidad-este-viernes-en-jujuy-pese-al-paro-anunciado-por-la-uta\/","title":{"rendered":"Los colectivos circular\u00e1n con normalidad este viernes en Jujuy pese al paro anunciado por la UTA."},"content":{"rendered":"\n<p>Desde la seccional local del gremio confirmaron que la medida de fuerza no afectar\u00e1 el servicio en la provincia. A nivel nacional, el sindicato ratific\u00f3 el paro, aunque se espera la conciliaci\u00f3n obligatoria<\/p>\n\n\n\n<p>Aunque la&nbsp;<strong>Uni\u00f3n Tranviarios Automotor (UTA)<\/strong>&nbsp;ratific\u00f3 hoy por la tarde un paro de 24 horas para este viernes,&nbsp;<strong>desde la seccional Jujuy aclararon que la medida no tendr\u00e1 impacto en la provincia<\/strong>&nbsp;<strong>y que el servicio de colectivos funcionar\u00e1 con normalidad<\/strong>.<\/p>\n\n\n\n<p>La protesta gremial fue confirmada tras una nueva audiencia entre el sindicato, el Gobierno nacional y las c\u00e1maras empresarias, que concluy\u00f3 sin acuerdo.&nbsp;<strong>Ante la falta de avances en la negociaci\u00f3n salarial, la conducci\u00f3n nacional de la UTA resolvi\u00f3 avanzar con la medida de fuerza&nbsp;<\/strong>que hab\u00eda sido anunciada d\u00edas atr\u00e1s.<\/p>\n\n\n\n<p><strong>Sin embargo, en Jujuy, fuentes cercanas a la seccional local se\u00f1alaron que los choferes no adherir\u00e1n al paro, pese a acompa\u00f1ar el reclamo por la mejora salarial<\/strong>.&nbsp;<\/p>\n\n\n\n<p>Adem\u00e1s, indicaron que la situaci\u00f3n en la provincia es particular, ya que&nbsp;<strong>rige una escala salarial diferenciada respecto del resto del pa\u00eds. Advirtieron as\u00ed mismo, que el conflicto podr\u00eda escalar ya que a\u00fan persisten deudas vinculadas a conceptos atrasados.<\/strong><\/p>\n\n\n\n<h4 class=\"wp-block-heading\"><strong>EL CONFLICTO SALARIAL<\/strong><\/h4>\n\n\n\n<p>\u00abInformamos que en atenci\u00f3n a&nbsp;<strong>la negativa empresaria a realizar alg\u00fan ofrecimiento de incremento salarial<\/strong>, se ha dispuesto un<strong>&nbsp;paro de 24 horas<\/strong>&nbsp;para el d\u00eda&nbsp;<strong>viernes 28 de marzo, a partir de las 00 HS<\/strong>\u00ab, inform\u00f3 la UTA en un comunicado.<br><br>Este mi\u00e9rcoles hubo una&nbsp;<strong>reuni\u00f3n virtual entre representantes de la UTA y de las c\u00e1maras empresarias<\/strong>&nbsp;que no lleg\u00f3 a buen puerto. Ahora el Gobierno le queda la carta de la conciliaci\u00f3n obligatoria que dejar\u00eda sin efecto la medida. El sindicato apunt\u00f3 a<strong>&nbsp;\u00abla intransigencia empresaria\u00bb<\/strong>, quienes<strong>&nbsp;\u00abno les interesa dejar a 9.000.000 pasajeros varados. Nuestros empleadores no pueden ni deben desentenderse de su responsabilidad\u00bb.<\/strong><br><br>La medida de fuerza hab\u00eda sido anunciado por el titular de la UTA,&nbsp;<strong>Roberto Fern\u00e1ndez,<\/strong>&nbsp;luego de que la Secretar\u00eda de Transporte decidiera no otorgar ning\u00fan aumento hasta junio. \u201c<strong>Los funcionarios de Transporte se esconden y nos llevan a un conflicto<\/strong>, sin resolver la estructura de costos y, con ella, el incremento salarial\u201d, denunciaron en un comunicado anterior.<\/p>\n\n\n\n<p><\/p>\n","protected":false},"excerpt":{"rendered":"<p>Desde la seccional local del gremio confirmaron que la medida de fuerza no afectar\u00e1 el servicio en la provincia. A nivel nacional, el sindicato ratific\u00f3 el paro, aunque se espera la conciliaci\u00f3n obligatoria Aunque la&nbsp;Uni\u00f3n Tranviarios Automotor (UTA)&nbsp;ratific\u00f3 hoy por la tarde un paro de 24 horas para este viernes,&nbsp;desde la seccional Jujuy aclararon que [&hellip;]<\/p>\n","protected":false},"author":7,"featured_media":13115,"comment_status":"open","ping_status":"open","sticky":false,"template":"","format":"standard","meta":{"_themeisle_gutenberg_block_has_review":false,"footnotes":""},"categories":[118],"tags":[58],"class_list":["post-13114","post","type-post","status-publish","format-standard","has-post-thumbnail","hentry","category-sociedad","tag-jujuy"],"_links":{"self":[{"href":"https:\/\/horapicodigital.com.ar\/index.php\/wp-json\/wp\/v2\/posts\/13114","targetHints":{"allow":["GET"]}}],"collection":[{"href":"https:\/\/horapicodigital.com.ar\/index.php\/wp-json\/wp\/v2\/posts"}],"about":[{"href":"https:\/\/horapicodigital.com.ar\/index.php\/wp-json\/wp\/v2\/types\/post"}],"author":[{"embeddable":true,"href":"https:\/\/horapicodigital.com.ar\/index.php\/wp-json\/wp\/v2\/users\/7"}],"replies":[{"embeddable":true,"href":"https:\/\/horapicodigital.com.ar\/index.php\/wp-json\/wp\/v2\/comments?post=13114"}],"version-history":[{"count":1,"href":"https:\/\/horapicodigital.com.ar\/index.php\/wp-json\/wp\/v2\/posts\/13114\/revisions"}],"predecessor-version":[{"id":13116,"href":"https:\/\/horapicodigital.com.ar\/index.php\/wp-json\/wp\/v2\/posts\/13114\/revisions\/13116"}],"wp:featuredmedia":[{"embeddable":true,"href":"https:\/\/horapicodigital.com.ar\/index.php\/wp-json\/wp\/v2\/media\/13115"}],"wp:attachment":[{"href":"https:\/\/horapicodigital.com.ar\/index.php\/wp-json\/wp\/v2\/media?parent=13114"}],"wp:term":[{"taxonomy":"category","embeddable":true,"href":"https:\/\/horapicodigital.com.ar\/index.php\/wp-json\/wp\/v2\/categories?post=13114"},{"taxonomy":"post_tag","embeddable":true,"href":"https:\/\/horapicodigital.com.ar\/index.php\/wp-json\/wp\/v2\/tags?post=13114"}],"curies":[{"name":"wp","href":"https:\/\/api.w.org\/{rel}","templated":true}]}}