{"id":13108,"date":"2025-03-27T09:55:59","date_gmt":"2025-03-27T12:55:59","guid":{"rendered":"https:\/\/horapicodigital.com.ar\/?p=13108"},"modified":"2025-03-27T09:56:05","modified_gmt":"2025-03-27T12:56:05","slug":"desde-este-viernes-aumenta-la-tarifa-del-transporte-urbano-de-pasajeros-en-san-salvador-de-jujuy","status":"publish","type":"post","link":"https:\/\/horapicodigital.com.ar\/index.php\/2025\/03\/27\/desde-este-viernes-aumenta-la-tarifa-del-transporte-urbano-de-pasajeros-en-san-salvador-de-jujuy\/","title":{"rendered":"Desde este viernes aumenta la tarifa del transporte urbano de pasajeros en San Salvador de Jujuy."},"content":{"rendered":"\n<p>Desde las 8:30 de la ma\u00f1ana se aplicar\u00e1 el aumento. Desde los barrios m\u00e1s cercanos al centro el boleto costar\u00e1 $1.021,49<\/p>\n\n\n\n<p>La Secretar\u00eda de Servicios P\u00fablicos, a trav\u00e9s de la Direcci\u00f3n de Fiscalizaci\u00f3n de Transporte de la Municipalidad de San Salvador de Jujuy, informa a la poblaci\u00f3n que a partir del viernes 28 de marzo,<strong>&nbsp;desde las 8:30 hs. comienza a regir la nueva tarifa del transporte urbano seg\u00fan el siguiente detalle<\/strong>:<\/p>\n\n\n\n<ul class=\"wp-block-list\">\n<li>San Salvador de Jujuy: $1021.49<\/li>\n\n\n\n<li>San Salvador de Jujuy a Reyes: $1021.49<\/li>\n\n\n\n<li>San Salvador de Jujuy a Guerrero: $1175.00<\/li>\n\n\n\n<li>San Salvador de Jujuy a Termas de Reyes : $1327.83<\/li>\n\n\n\n<li>San Salvador de Jujuy a San Pablo de Reyes: $1175.00<\/li>\n\n\n\n<li>San Salvador de Jujuy a Yala: $ $1327.83<\/li>\n\n\n\n<li>San Salvador de Jujuy a Los Nogales: $1481.35<\/li>\n\n\n\n<li>San Salvador de Jujuy a Lozano: $1481.35<\/li>\n\n\n\n<li>San Salvador de Jujuy a Le\u00f3n: $ 1634.18<\/li>\n<\/ul>\n\n\n\n<p><strong>La actualizaci\u00f3n del cuadro tarifario representa un aumento del 3,72% y es el segundo incremento en lo que va del a\u00f1o<\/strong>. El primero se hab\u00eda aplicado el pasado 17 de enero.<\/p>\n\n\n\n<h2 class=\"wp-block-heading\"><strong>A partir del 1 de abril aumenta la tarifa del transporte de media distancia en Jujuy: conoc\u00e9 los nuevos precios<\/strong><\/h2>\n\n\n\n<p>La&nbsp;<strong>Secretar\u00eda de Transporte de la Provincia&nbsp;<\/strong>autoriz\u00f3 un nuevo aumento en el pasaje de las l\u00edneas de media y larga distancia que comenzar\u00e1 a regir desde el 1 de abril. El aumento rondar\u00e1 el 5%.&nbsp;<\/p>\n\n\n\n<p>Dicha suba se debe al pedido de la<strong>&nbsp;C\u00e1mara de Transporte Automotor de Pasajeros de Jujuy<\/strong>, con el prop\u00f3sito de adecuar el cuadro tarifario vigente a las condiciones econ\u00f3micas que afectan al sector.<\/p>\n\n\n\n<p><\/p>\n\n\n\n<p><strong>Tarifas a partir del Martes 01\/04\/25 partiendo desde SAN SALVADOR DE JUJUY.<\/strong><\/p>\n\n\n\n<h4 class=\"wp-block-heading\"><strong>Zona Diques y Valles:<\/strong><\/h4>\n\n\n\n<ul class=\"wp-block-list\">\n<li>Escuela Suipacha. $1.000<\/li>\n\n\n\n<li>Complejo Los Alisos. $1.900<\/li>\n\n\n\n<li>El Carmen. $2.000<\/li>\n\n\n\n<li>San Antonio. $2.400<\/li>\n\n\n\n<li>Perico. $2.500<\/li>\n\n\n\n<li>Monterrico. $2.600<\/li>\n\n\n\n<li>Ovejer\u00eda. $2.900<\/li>\n\n\n\n<li>Corral de Piedras. $4.400<\/li>\n\n\n\n<li>Las Capillas. $4.900<\/li>\n\n\n\n<li>Las Escaleras. $5.600<\/li>\n\n\n\n<li>Tesorero. $5.900<\/li>\n\n\n\n<li>Ocloyas. $6.000<br>\u00a0<\/li>\n<\/ul>\n\n\n\n<h4 class=\"wp-block-heading\"><strong>Zona Quebrada y Puna<\/strong><\/h4>\n\n\n\n<ul class=\"wp-block-list\">\n<li>Volc\u00e1n. $3.200<\/li>\n\n\n\n<li>Tumbaya. $3.700<\/li>\n\n\n\n<li>Mainar\u00e1. $6.300<\/li>\n\n\n\n<li>Purmamarca. $6.600<\/li>\n\n\n\n<li>Tilcara. $7.000<\/li>\n\n\n\n<li>Humahuaca. $10.300<\/li>\n\n\n\n<li>Hip\u00f3lito Yrigoyen. $13.600<\/li>\n\n\n\n<li>El Moreno. $14.100<\/li>\n\n\n\n<li>Susques. $16.700<\/li>\n\n\n\n<li>Iruya. $18.100<\/li>\n\n\n\n<li>La Quiaca. $22.900<br>\u00a0<\/li>\n<\/ul>\n\n\n\n<h4 class=\"wp-block-heading\"><strong>Zona Ramal<\/strong><\/h4>\n\n\n\n<p>El Fuerte. $16.100<a href=\"https:\/\/www.somosjujuy.com.ar\/jujuy\/a-partir-1-abril-aumenta-tarifa-transporte-media-distancia-jujuy-conoce-nuevos-precios-n101526\"><\/a><\/p>\n\n\n\n<p>Carahunco. $2.200<\/p>\n\n\n\n<p>Las Pampitas. $2.900<\/p>\n\n\n\n<p>Puesto Viejo. $3.900<\/p>\n\n\n\n<p>La Mendieta. $4.100<\/p>\n\n\n\n<p>Aguas Calientes. $4.800<\/p>\n\n\n\n<p>San Pedro. $4.900<\/p>\n\n\n\n<p>San Pedro por La Mendieta. $5.200<\/p>\n\n\n\n<p>Chalic\u00e1n. $6.400<\/p>\n\n\n\n<p>Santa Clara. $6.800<\/p>\n\n\n\n<p>Fraile Pintado. $7.400<\/p>\n\n\n\n<p>L.G.S.M. $8.400<\/p>\n\n\n\n<p>Caimancito. $10.100<\/p>\n\n\n\n<p>Yuto. $12.100<\/p>\n\n\n\n<p>El Talar. $13.900<\/p>\n\n\n\n<p><\/p>\n","protected":false},"excerpt":{"rendered":"<p>Desde las 8:30 de la ma\u00f1ana se aplicar\u00e1 el aumento. Desde los barrios m\u00e1s cercanos al centro el boleto costar\u00e1 $1.021,49 La Secretar\u00eda de Servicios P\u00fablicos, a trav\u00e9s de la Direcci\u00f3n de Fiscalizaci\u00f3n de Transporte de la Municipalidad de San Salvador de Jujuy, informa a la poblaci\u00f3n que a partir del viernes 28 de marzo,&nbsp;desde [&hellip;]<\/p>\n","protected":false},"author":7,"featured_media":13111,"comment_status":"open","ping_status":"open","sticky":false,"template":"","format":"standard","meta":{"_themeisle_gutenberg_block_has_review":false,"footnotes":""},"categories":[81,118],"tags":[58],"class_list":["post-13108","post","type-post","status-publish","format-standard","has-post-thumbnail","hentry","category-general","category-sociedad","tag-jujuy"],"_links":{"self":[{"href":"https:\/\/horapicodigital.com.ar\/index.php\/wp-json\/wp\/v2\/posts\/13108","targetHints":{"allow":["GET"]}}],"collection":[{"href":"https:\/\/horapicodigital.com.ar\/index.php\/wp-json\/wp\/v2\/posts"}],"about":[{"href":"https:\/\/horapicodigital.com.ar\/index.php\/wp-json\/wp\/v2\/types\/post"}],"author":[{"embeddable":true,"href":"https:\/\/horapicodigital.com.ar\/index.php\/wp-json\/wp\/v2\/users\/7"}],"replies":[{"embeddable":true,"href":"https:\/\/horapicodigital.com.ar\/index.php\/wp-json\/wp\/v2\/comments?post=13108"}],"version-history":[{"count":1,"href":"https:\/\/horapicodigital.com.ar\/index.php\/wp-json\/wp\/v2\/posts\/13108\/revisions"}],"predecessor-version":[{"id":13112,"href":"https:\/\/horapicodigital.com.ar\/index.php\/wp-json\/wp\/v2\/posts\/13108\/revisions\/13112"}],"wp:featuredmedia":[{"embeddable":true,"href":"https:\/\/horapicodigital.com.ar\/index.php\/wp-json\/wp\/v2\/media\/13111"}],"wp:attachment":[{"href":"https:\/\/horapicodigital.com.ar\/index.php\/wp-json\/wp\/v2\/media?parent=13108"}],"wp:term":[{"taxonomy":"category","embeddable":true,"href":"https:\/\/horapicodigital.com.ar\/index.php\/wp-json\/wp\/v2\/categories?post=13108"},{"taxonomy":"post_tag","embeddable":true,"href":"https:\/\/horapicodigital.com.ar\/index.php\/wp-json\/wp\/v2\/tags?post=13108"}],"curies":[{"name":"wp","href":"https:\/\/api.w.org\/{rel}","templated":true}]}}